{"id":14813,"date":"2020-01-04T16:14:23","date_gmt":"2020-01-04T15:14:23","guid":{"rendered":"http:\/\/www.vidademadrid.com\/es\/?p=14813"},"modified":"2020-04-01T13:08:29","modified_gmt":"2020-04-01T11:08:29","slug":"metro-comillas-nueva-estacion-linea-11-madrid","status":"publish","type":"post","link":"https:\/\/www.vidademadrid.com\/es\/14813\/metro-comillas-nueva-estacion-linea-11-madrid\/","title":{"rendered":"Metro Comillas: oficial la nueva estaci\u00f3n de la ampliaci\u00f3n de la L\u00ednea 11"},"content":{"rendered":"\n<p><\/p>\n\n\n<p>Hoy es un buen d\u00eda para los vecinos del <strong>barrio Comillas<\/strong>, en el distrito <strong>Carabanchel<\/strong>, porque la Comunidad de Madrid acaba de anunciar la construcci\u00f3n de la <strong>nueva estaci\u00f3n Metro <em>Comillas<\/em><\/strong>, ser\u00e1 una de las novedades de la ampliaci\u00f3n de la L\u00ednea 11 de Metro de Madrid. Sigue leyendo para conocer los detalles y todas las estaciones de la L\u00ednea 11 antes y despu\u00e9s de la ampliaci\u00f3n.<\/p>\n<h2>Metro Comillas: la primera estaci\u00f3n Metro en el barrio<\/h2><script async=\"\" src=\"\/\/pagead2.googlesyndication.com\/pagead\/js\/adsbygoogle.js\"><\/script> <!-- Vida 1 --> <ins class=\"adsbygoogle\" style=\"display:block\" data-ad-client=\"ca-pub-7450064428034605\" data-ad-slot=\"2284573579\" data-ad-format=\"auto\"><\/ins> <script> (adsbygoogle = window.adsbygoogle || []).push({}); <\/script>\n\n<p>Actualmente, los 20 mil vecinos del <strong>barrio Comillas<\/strong> solo pueden contar con dos paradas de Metro en las zonas perif\u00e9ricas del barrio: <strong>Plaza El\u00edptica<\/strong> al sur y <strong>Marqu\u00e9s de Vadillo<\/strong> al norte-oeste. La Comunidad de Madrid <a href=\"http:\/\/www.vidademadrid.com\/es\/13449\/ampliacion-linea-11-metro-madrid-paradas-fechas-conexiones\/\">anunci\u00f3 hace 5 meses la ampliaci\u00f3n de la L\u00ednea 11<\/a>, pero sin contar con una estaci\u00f3n en Comillas. Gracias a las reivindicaciones vecinales, hoy se ha anunciado que la ampliaci\u00f3n de la L\u00ednea 11 tendr\u00e1 5 y no 4 nuevas estaciones.<\/p>\n<h2>Metro Comillas: todas las estaciones de la nueva l\u00ednea 11.<\/h2><script async=\"\" src=\"\/\/pagead2.googlesyndication.com\/pagead\/js\/adsbygoogle.js\"><\/script> <!-- Vida 2 --> <ins class=\"adsbygoogle\" style=\"display:inline-block;width:336px;height:280px\" data-ad-client=\"ca-pub-7450064428034605\" data-ad-slot=\"9336835571\"><\/ins> <script> (adsbygoogle = window.adsbygoogle || []).push({}); <\/script>\n\n<p>Actualmente, estas son las paradas de la L\u00ednea 11 de Metro Madrid:<\/p>\n<ul>\n<li><strong> Plaza El\u00edptica<\/strong> (conexi\u00f3n con L\u00ednea 6)<\/li>\n<li><strong>Abrantes<\/strong><\/li>\n<li><strong>Pan Bendito<\/strong><\/li>\n<li><strong>San Francisco<\/strong><\/li>\n<li><strong>Carabanchel Alto<\/strong><\/li>\n<li><strong>La Peseta<\/strong><\/li>\n<li><strong>La Fortuna<\/strong><\/li>\n<\/ul>\n<p>Despu\u00e9s de la ampliaci\u00f3n, as\u00ed ser\u00e1 la L\u00ednea 11 (en rojo las nuevas estaciones):<\/p>\n<ul>\n<li><span style=\"color: #ff0000;\"><strong>Conde de Casal (conexi\u00f3n con L\u00ednea 6)<\/strong><\/span><\/li>\n<li><span style=\"color: #ff0000;\"><strong>Atocha Renfe (conexi\u00f3n con estaci\u00f3n Renfe &#8211; Atocha)<\/strong><\/span><\/li>\n<li><span style=\"color: #ff0000;\"><strong>Palos de la Frontera (conexi\u00f3n con L\u00ednea 3)<\/strong><\/span><\/li>\n<li><span style=\"color: #ff0000;\"><strong>Madrid R\u00edo&nbsp;<\/strong><\/span><\/li>\n<li><span style=\"color: #ff0000;\"><strong>Comillas<\/strong><\/span><\/li>\n<li><strong>Plaza El\u00edptica<\/strong> (conexi\u00f3n con L\u00ednea 6)<\/li>\n<li><strong>Abrantes<\/strong><\/li>\n<li><strong>Pan Bendito<\/strong><\/li>\n<li><strong>San Francisco<\/strong><\/li>\n<li><strong>Carabanchel Alto<\/strong><\/li>\n<li><strong>La Peseta<\/strong><\/li>\n<li><strong>La Fortuna<\/strong><\/li>\n<\/ul>\n<p>Las obras empezar\u00e1n en los pr\u00f3ximos meses y concluir\u00e1n en 4 a\u00f1os.<\/p>\n\n<h2>\u00bfD\u00f3nde estar\u00e1 exactamente la nueva estaci\u00f3n metro Comillas<\/h2>\n\nA\u00fan no disponemos de la informaci\u00f3n exacta pero supuestamente la nueva estaci\u00f3n Metro Comillas estar\u00e1 alrededor del Parque Comillas, en Calle de Antonio de Leyva.\n\n<h2>Mapa &#8211; barrio Comillas&nbsp;<\/h2><script async=\"\" src=\"\/\/pagead2.googlesyndication.com\/pagead\/js\/adsbygoogle.js\"><\/script> <!-- Vida vertical --> <ins class=\"adsbygoogle\" style=\"display:inline-block;width:300px;height:600px\" data-ad-client=\"ca-pub-7450064428034605\" data-ad-slot=\"7296098777\"><\/ins> <script> (adsbygoogle = window.adsbygoogle || []).push({}); <\/script>\n\n\n\n<iframe loading=\"lazy\" src=\"https:\/\/www.google.com\/maps\/embed?pb=!1m18!1m12!1m3!1d12155.232311694797!2d-3.717150222714369!3d40.39094603347277!2m3!1f0!2f0!3f0!3m2!1i1024!2i768!4f13.1!3m3!1m2!1s0xd4227c828fcbccd%3A0xcd6d94ab04cd0872!2sComillas%2C%20Madrid!5e0!3m2!1ses!2ses!4v1576076522293!5m2!1ses!2ses\" width=\"600\" height=\"450\" frameborder=\"0\" style=\"border:0;\" allowfullscreen=\"\"><\/iframe>\n","protected":false},"excerpt":{"rendered":"<p>Entra para descubir el recorrido completo<\/p>\n","protected":false},"author":1,"featured_media":14814,"comment_status":"open","ping_status":"open","sticky":false,"template":"","format":"standard","meta":{"footnotes":""},"categories":[23],"tags":[74],"class_list":{"0":"post-14813","1":"post","2":"type-post","3":"status-publish","4":"format-standard","5":"has-post-thumbnail","7":"category-transportes-huelgas-madrid","8":"tag-metro-de-madrid"},"_links":{"self":[{"href":"https:\/\/www.vidademadrid.com\/es\/wp-json\/wp\/v2\/posts\/14813","targetHints":{"allow":["GET"]}}],"collection":[{"href":"https:\/\/www.vidademadrid.com\/es\/wp-json\/wp\/v2\/posts"}],"about":[{"href":"https:\/\/www.vidademadrid.com\/es\/wp-json\/wp\/v2\/types\/post"}],"author":[{"embeddable":true,"href":"https:\/\/www.vidademadrid.com\/es\/wp-json\/wp\/v2\/users\/1"}],"replies":[{"embeddable":true,"href":"https:\/\/www.vidademadrid.com\/es\/wp-json\/wp\/v2\/comments?post=14813"}],"version-history":[{"count":4,"href":"https:\/\/www.vidademadrid.com\/es\/wp-json\/wp\/v2\/posts\/14813\/revisions"}],"predecessor-version":[{"id":14819,"href":"https:\/\/www.vidademadrid.com\/es\/wp-json\/wp\/v2\/posts\/14813\/revisions\/14819"}],"wp:featuredmedia":[{"embeddable":true,"href":"https:\/\/www.vidademadrid.com\/es\/wp-json\/wp\/v2\/media\/14814"}],"wp:attachment":[{"href":"https:\/\/www.vidademadrid.com\/es\/wp-json\/wp\/v2\/media?parent=14813"}],"wp:term":[{"taxonomy":"category","embeddable":true,"href":"https:\/\/www.vidademadrid.com\/es\/wp-json\/wp\/v2\/categories?post=14813"},{"taxonomy":"post_tag","embeddable":true,"href":"https:\/\/www.vidademadrid.com\/es\/wp-json\/wp\/v2\/tags?post=14813"}],"curies":[{"name":"wp","href":"https:\/\/api.w.org\/{rel}","templated":true}]}}