{"id":14784,"date":"2019-12-10T15:08:36","date_gmt":"2019-12-10T14:08:36","guid":{"rendered":"http:\/\/www.vidademadrid.com\/es\/?p=14784"},"modified":"2019-12-10T15:08:37","modified_gmt":"2019-12-10T14:08:37","slug":"cabalgata-reyes-magos-madrid-2020","status":"publish","type":"post","link":"https:\/\/www.vidademadrid.com\/es\/14784\/cabalgata-reyes-magos-madrid-2020\/","title":{"rendered":"Cabalgata de los Reyes Magos en Madrid 2020"},"content":{"rendered":"<p><span style=\"font-weight: 400;\">Una de las tradiciones m\u00e1s esperadas de esta \u00e9poca es la famosa <strong>cabalgata de los Reyes Magos<\/strong>, y este 2020 en Madrid la esperamos con la misma ilusi\u00f3n. <strong>Su llegada trae alegr\u00eda, emoci\u00f3n y regalos<\/strong> a todos ni\u00f1os y ni\u00f1as de la capital. \u00a1No te pierdas el recorrido de Melchor, Gaspar y Baltasar!&nbsp;<\/span><\/p>\n<h2><b>Horario y recorrido de la cabalgata de los Reyes Magos en Madrid este 2020<\/b><\/h2>\n<p><script async=\"\" src=\"\/\/pagead2.googlesyndication.com\/pagead\/js\/adsbygoogle.js\"><\/script> <!-- Vida 1 --> <ins class=\"adsbygoogle\" style=\"display:block\" data-ad-client=\"ca-pub-7450064428034605\" data-ad-slot=\"2284573579\" data-ad-format=\"auto\"><\/ins> <script> (adsbygoogle = window.adsbygoogle || []).push({}); <\/script><span style=\"font-weight: 400;\">Este 2020 la <strong>cabalgata de los Reyes Magos en Madrid<\/strong> ser\u00e1, como todos los a\u00f1os, el <strong>5 de enero<\/strong>, y su recorrido ser\u00e1 de <strong>18:30h a 21:00h<\/strong>. En \u00e9l podremos ver carrozas, marionetas gigantes, desfiles creados por diferentes compa\u00f1\u00edas de artes esc\u00e9nicas, y mucho m\u00e1s.&nbsp;<\/span><\/p>\n<p><script async=\"\" src=\"\/\/pagead2.googlesyndication.com\/pagead\/js\/adsbygoogle.js\"><\/script> <!-- Vida 2 --> <ins class=\"adsbygoogle\" style=\"display:inline-block;width:336px;height:280px\" data-ad-client=\"ca-pub-7450064428034605\" data-ad-slot=\"9336835571\"><\/ins> <script> (adsbygoogle = window.adsbygoogle || []).push({}); <\/script><span style=\"font-weight: 400;\">El <strong>recorrido<\/strong> es siempre lineal y comienza en la plaza de San Juan de la Cruz y sigue por el Paseo de la Castellana hasta la Plaza del Doctor Mara\u00f1\u00f3n. Contin\u00faa por la glorieta de Emilio Castelar hasta llegar a la Plaza de Col\u00f3n, bajando por el Paseo de Recoletos hasta la Fuente de la Cibeles. No te pierdas el cierre con la comitiva real, en donde nos enviar\u00e1n su caracter\u00edstico <strong>mensaje anual<\/strong> lleno de paz y amor.&nbsp;<\/span><\/p>\n<p><span style=\"font-weight: 400;\">El cierre de la noche lo dar\u00e1n los <strong>fuegos artificiales<\/strong> que se llevar\u00e1n a cabo al finalizar la jornada, alrededor de las 20:30 \u00f3 21:00h. Se trata de un momento muy especial, digno de disfrutar desde cualquiera de los espacios adjudicados para ello.&nbsp;<\/span><\/p>\n<p><script async=\"\" src=\"\/\/pagead2.googlesyndication.com\/pagead\/js\/adsbygoogle.js\"><\/script> <!-- Vida vertical --> <ins class=\"adsbygoogle\" style=\"display:inline-block;width:300px;height:600px\" data-ad-client=\"ca-pub-7450064428034605\" data-ad-slot=\"7296098777\"><\/ins> <script> (adsbygoogle = window.adsbygoogle || []).push({}); <\/script><span style=\"font-weight: 400;\">Escoge tu lugar para disfrutar de la tradicional cabalgata con tiempo. Recuerda que <strong>las gradas suelen estar situadas a ambos lados del Paseo de la Castellana<\/strong>. Adem\u00e1s si tienes movilidad reducida, o la tiene alg\u00fan familiar, habr\u00e1 varios espacios repartidos por todo el recorrido y tendr\u00e1n se\u00f1ales espec\u00edficas. Las se\u00f1ales se encuentran acotadas y adem\u00e1s se\u00f1alizadas con banderolas y siempre est\u00e1n a la derecha del recorrido en el sentido del desfile.<\/span><\/p>\n<p><span style=\"font-weight: 400;\">Tampoco te pierdas las<strong> cabalgatas que se hacen en los barrios madrile\u00f1os<\/strong> que se encuentran ubicados fuera del centro de Madrid. \u00a1Son dignas de ver! Es como adentrarse en la vida de los madrile\u00f1os de pura cepa. Habr\u00e1 cabalgatas tanto en M\u00f3stoles como en Fuenlabrada, as\u00ed como en Alcal\u00e1 de Henares, Boadilla del Monte, El Escorial, Getafe, \u00a1entre otras!<\/span><\/p>\n<p><span style=\"font-weight: 400;\">As\u00ed que ya sabes, no te puedes perder <strong>una de las celebraciones m\u00e1s t\u00edpicas de este \u00e9poca<\/strong>. La Cabalgata de los Reyes Magos este 2020 es un imprescindible en la capital!<\/span><\/p>\n<p>Foto: Vida de Madrid<\/p>\n","protected":false},"excerpt":{"rendered":"<p>Todo sobre la Cabalgata de Reyes Magos en Madrid este a\u00f1o<\/p>\n","protected":false},"author":6,"featured_media":14786,"comment_status":"open","ping_status":"open","sticky":false,"template":"","format":"standard","meta":{"footnotes":""},"categories":[1],"tags":[],"class_list":{"0":"post-14784","1":"post","2":"type-post","3":"status-publish","4":"format-standard","5":"has-post-thumbnail","7":"category-varios"},"_links":{"self":[{"href":"https:\/\/www.vidademadrid.com\/es\/wp-json\/wp\/v2\/posts\/14784","targetHints":{"allow":["GET"]}}],"collection":[{"href":"https:\/\/www.vidademadrid.com\/es\/wp-json\/wp\/v2\/posts"}],"about":[{"href":"https:\/\/www.vidademadrid.com\/es\/wp-json\/wp\/v2\/types\/post"}],"author":[{"embeddable":true,"href":"https:\/\/www.vidademadrid.com\/es\/wp-json\/wp\/v2\/users\/6"}],"replies":[{"embeddable":true,"href":"https:\/\/www.vidademadrid.com\/es\/wp-json\/wp\/v2\/comments?post=14784"}],"version-history":[{"count":2,"href":"https:\/\/www.vidademadrid.com\/es\/wp-json\/wp\/v2\/posts\/14784\/revisions"}],"predecessor-version":[{"id":14790,"href":"https:\/\/www.vidademadrid.com\/es\/wp-json\/wp\/v2\/posts\/14784\/revisions\/14790"}],"wp:featuredmedia":[{"embeddable":true,"href":"https:\/\/www.vidademadrid.com\/es\/wp-json\/wp\/v2\/media\/14786"}],"wp:attachment":[{"href":"https:\/\/www.vidademadrid.com\/es\/wp-json\/wp\/v2\/media?parent=14784"}],"wp:term":[{"taxonomy":"category","embeddable":true,"href":"https:\/\/www.vidademadrid.com\/es\/wp-json\/wp\/v2\/categories?post=14784"},{"taxonomy":"post_tag","embeddable":true,"href":"https:\/\/www.vidademadrid.com\/es\/wp-json\/wp\/v2\/tags?post=14784"}],"curies":[{"name":"wp","href":"https:\/\/api.w.org\/{rel}","templated":true}]}}