{"id":14686,"date":"2019-12-04T13:21:43","date_gmt":"2019-12-04T12:21:43","guid":{"rendered":"http:\/\/www.vidademadrid.com\/es\/?p=14686"},"modified":"2019-12-26T00:16:07","modified_gmt":"2019-12-25T23:16:07","slug":"mejores-planes-diciembre-2019-madrid","status":"publish","type":"post","link":"https:\/\/www.vidademadrid.com\/es\/14686\/mejores-planes-diciembre-2019-madrid\/","title":{"rendered":"Los mejores planes de diciembre 2019 en Madrid"},"content":{"rendered":"<p>Aqu\u00ed est\u00e1 la agenda de <strong>Vida de Madrid<\/strong> para no perderte ninguno de los mejores planes de <strong>diciembre 2019 en Madrid<\/strong>. Puente de la Constituci\u00f3n, Navidad, Nochevieja&#8230; diciembre viene siempre cargado de planes y eventos y este 2019 no hace excepci\u00f3n. As\u00ed que sigue leyendo para ver la agenda con los mejores planes del mes. Recuerda que puedes comunicarme eventos que faltan escribiendo a info@vidademadrid.com<\/p>\n<p><script async=\"\" src=\"\/\/pagead2.googlesyndication.com\/pagead\/js\/adsbygoogle.js\"><\/script><\/p>\n<p><!-- Vida 1 --><ins class=\"adsbygoogle\" style=\"display: block;\" data-ad-client=\"ca-pub-7450064428034605\" data-ad-slot=\"2284573579\" data-ad-format=\"auto\"><\/ins> <script> (adsbygoogle = window.adsbygoogle || []).push({}); <\/script><\/p>\n<h2>Agenda mejores planes de diciembre 2019 en Madrid<\/h2>\n<p><script async=\"\" src=\"\/\/pagead2.googlesyndication.com\/pagead\/js\/adsbygoogle.js\"><\/script><\/p>\n<p><!-- Vida 2 --><ins class=\"adsbygoogle\" style=\"display: inline-block; width: 336px; height: 280px;\" data-ad-client=\"ca-pub-7450064428034605\" data-ad-slot=\"9336835571\"><\/ins> <script> (adsbygoogle = window.adsbygoogle || []).push({}); <\/script><\/p>\n<p><em>(M\u00e1s abajo tienes los eventos activos durante todo el mes)<\/em><\/p>\n<ul>\n<li>Del 2 al 13 de diciembre &#8211; <strong>Cumbre del clima COP25 en Ifema<\/strong>. <a href=\"https:\/\/www.cop25.cl\/#\/\">Web oficial<\/a> &#8211; <a href=\"https:\/\/www.ifema.es\/cop25\/zona-verde\">Inscripci\u00f3n Zona Verde<\/a><\/li>\n<li>Del 5 de diciembre (hasta febrero) &#8211; <strong>\u00abHangar 52\u00bb de Mago Yunke<\/strong>, espect\u00e1culo de magia en IFEMA, la mayor producci\u00f3n de magia nunca antes vista en Espa\u00f1a. <a href=\"http:\/\/www.vidademadrid.com\/es\/14588\/mago-yunke-hangar-52\/\">Info entradas en el art\u00edculo Vida de Madrid<\/a> &#8211; <a href=\"https:\/\/www.instagram.com\/stories\/highlights\/18116179672044455\/\">Stories Vida de Madrid<\/a><\/li>\n<li>Del 5 de diciembre (hasta el 1 de marzo) &#8211; <strong><em>Clicks!<\/em>, exposici\u00f3n de Playmobil<\/strong> en el Palacio de Gaviria &#8211; <a href=\"http:\/\/www.vidademadrid.com\/es\/14655\/exposicion-de-playmobil-en-madrid-2019-2020-clicks-en-el-palacio-gaviria\/\">Art\u00edculo Vida de Madrid<\/a><\/li>\n<li>Del 5 de diciembre &#8211; <strong>Chocolater\u00eda Popup San Gin\u00e9s &#8211; Baileys<\/strong>. Plazuela San Gin\u00e9s, 4.&nbsp;<span class=\"il\">Baileys<\/span>&nbsp;&amp; San Gin\u00e9s. La Escondida.<\/li>\n<li>Del 6 de diciembre &#8211; <strong>Nueva pista de hielo en Matadero<\/strong>, de m\u00e1s de 750 m2.<\/li>\n<li>6 de diciembre &#8211; <strong>Manifestaci\u00f3n por el clima<\/strong> en Paseo del Prado y Castellana. <a href=\"http:\/\/www.vidademadrid.com\/es\/14668\/recorrido-horario-manifestacion-clima-madrid-6-de-diciembre-2019\/\">Horario y recorrido en el art\u00edculo Vida de Madrid<\/a><\/li>\n<li>7 de diciembre &#8211; <strong>Santa Ana Street Market<\/strong>. En calles Santa Ana, de La Ruda, de L\u00f3pez Silva, de 11 a 18.30 h. Con visita de Pap\u00e1 Noel de 12 a 16 h. <a href=\"https:\/\/www.santaanastreetmarket.com\/\">Info<\/a><\/li>\n<li>7 y 8 de diciembre &#8211; <strong>Mercado de Motores.<\/strong> En diciembre con dos ediciones. 200 dise\u00f1adores, artesanos, artistas y m\u00fasicos en el Museo del Ferrocarril. Sab 11-22 h, dom 11-21 h. <a href=\"https:\/\/mercadodemotores.es\/proxima-edicion\/\">Web<\/a><\/li>\n<li>Del 12 al 22 de diciembre &#8211; <strong>Canta Navidad 2019<\/strong>, festival de la a Sociedad Coral de Madrid con 11 conciertos (coros de canto coral de estilos muy distintos: rock, barbershop, g\u00f3spel&#8230;) &#8211; <a href=\"https:\/\/www.escuelacoraldemadrid.com\/vuelve-canta-navidad\/\">Web oficial<\/a><\/li>\n<li>De 13 a 15 de diciembre &#8211; <strong>\u00abAmalgama el Prado\u00bb. Videomapping en el Prado (fachada de Goya)<\/strong>. Viaje visual con dos pases de 30 minutos al d\u00eda, a las 20:30 y a las 22:00 h.<\/li>\n<li>De 13 a 15 de diciembre &#8211; <strong>Friends Weekend<\/strong>. Proyecci\u00f3n de 12 de los mejores cap\u00edtulos de la serie en Palacio de la Prensa (Callao), con sorteo de un p\u00f3ster exclusivo del 25 Aniversario de Friends. <a href=\"https:\/\/palaciodelaprensa.com\/categoria\/friends-25th\">Info y entradas<\/a><\/li>\n<li>De 13 a 15 diciembre &#8211; <strong>This Xmas DREAM!<\/strong>, pop-up del Centro Porsche Madrid Norte. Con catas, degustaciones y talleres. Av. de Burgos, 87. Entrada gratuita. Viernes 17-21 h; y s\u00e1b-dom 10:30-21-30 h.<\/li>\n<li>14 de diciembre &#8211; <strong><em>Un a\u00f1o en un d\u00eda<\/em>, festival anual de MediaLab Prado. <\/strong>De 11 a 21 h.&nbsp;<a href=\"https:\/\/www.medialab-prado.es\/actividades\/un-ano-en-un-dia-2019\">Programa<\/a><\/li>\n<li>14 de diciembre &#8211; <strong>II Mercadillo Feminista Solidario de AMS <\/strong><strong>&#8211; MAS Market &#8211; Mujeres Artesanas Solidarias<\/strong>. De 11 a 19 h en Av. Alfonso XIII, 118. &#8211; <a href=\"https:\/\/www.mujeresparalasalud.org\/navidades-solidarias-con-el-ii-mercadillo-feminista-solidario-de-ams\/\">Info<\/a><\/li>\n<li>14 de diciembre &#8211; <strong>Ef\u00edmera, librer\u00eda pop<\/strong> <strong>up<\/strong> que solo abrir\u00e1 sus puertas un d\u00eda para reunir a proyectos editoriales independientes. De 11 a 21 h en La Industrial de Malasa\u00f1a (San Vicente Ferrer, 33)<\/li>\n<li>14 y 15 de diciembre &#8211; <strong>Mercado de Motores.<\/strong> En diciembre con dos ediciones. 200 dise\u00f1adores, artesanos, artistas y m\u00fasicos en el Museo del Ferrocarril. Sab 11-22 h, dom 11-21 h. <a href=\"https:\/\/mercadodemotores.es\/proxima-edicion\/\">Web<\/a><\/li>\n<li>Del 14 de diciembre (al 5 de enero) &#8211; <strong>La casa de la Navidad de Coca-Cola.<\/strong> <a href=\"http:\/\/www.vidademadrid.com\/es\/14827\/casa-navidad-coca-cola-2019\/\">Art\u00edculo Vida de Madrid<\/a><\/li>\n<li>Del 18 de diciembre (hasta enero) &#8211; <strong>Madrionetas<\/strong>, el teatro de t\u00edteres de la Navidad. <a href=\"http:\/\/www.vidademadrid.com\/es\/14866\/madrionetas-2019\/\">Art\u00edculo Vida de Madrid<\/a><\/li>\n<li>20 de diciembre &#8211; <strong>Noche de las velitas<\/strong>, y dos actividades m\u00e1s que homenajean a Colombia. A las 18 h en la Plaza de Matadero. Recrear\u00e1n mediante velas de colores el dibujo de una Mola (piezas textiles tradicionales hechas por la etnia Guna). <a href=\"http:\/\/www.mataderomadrid.org\/ficha\/10413\/la-noche-de-las-velitas.html\">Programa<\/a><\/li>\n<li>De 20 a 22 de diciembre &#8211; <strong>Mercado del Encanto &#8211; Fuencarral<\/strong>, con m\u00e1s de 30 marcas, dise\u00f1adores y artesanos. En calle Sandoval, 3 (semiesquina calle Fuencarral). Vie 17-21 h, s\u00e1b 11.30-21 h, dom 11.30-20 h. <a href=\"https:\/\/www.instagram.com\/mercadodelencanto\/\">IG<\/a><\/li>\n<li>Del 20 a 22 y del 27 al 29 de diciembre &#8211; <strong>Ciclo de cine NAVIMAD<\/strong>. Los organizadores de Cibeles de Cine proponen 24 pel\u00edculas relacionadas con la Navidad en el Institut Fran\u00e7ais (Marqu\u00e9s de la Ensenada, 10). <a href=\"https:\/\/www.mk2institutfrancais.es\/es\/cartelera\">Cartelera<\/a><\/li>\n<li>21 de diciembre &#8211; <strong>Espect\u00e1culo 3D Videomapping en Cibeles \u00abUn sue\u00f1o de Navidad\u00bb<\/strong>. Proyecci\u00f3n 3D en la fachada del Palacio de Cibeles. Pases a las 20.30 h y 21.30 h (de 10 minutos cada uno).<\/li>\n<li>21 y 22 de diciembre &#8211; <strong>Mercado de Dise\u00f1o &#8211; Xmas Vibes<\/strong>. En Matadero. 150 stands de dise\u00f1adores emergentes, conciertos y talleres. <a href=\"https:\/\/mercadodediseno.es\/xmas-vibes-2019\/\">Web<\/a><\/li>\n<li>24 de diciembre &#8211; <a href=\"http:\/\/www.vidademadrid.com\/es\/14720\/restaurantes-abiertos-nochebuena-2019-madrid\/\">Rese\u00f1a Vida de Madrid de los mejores restaurantes abiertos en la <strong>cena de Nochebuena<\/strong><\/a><\/li>\n<li>25 de diciembre &#8211; <strong><a href=\"http:\/\/www.vidademadrid.com\/es\/14725\/restaurantes-abiertos-navidad-25-diciembre-2019-madrid\/\">Rese\u00f1a Vida de Madrid de los mejores restaurantes para la comida de Navidad<\/a><\/strong><\/li>\n<li>Del 26 de diciembre (al 5 de enero)&nbsp; &#8211; <strong>Tren de la Navidad<\/strong>, desde el Museo del Ferrocarril de Madrid. Tres viajes al d\u00eda en tren hist\u00f3rico con espect\u00e1culo de animaci\u00f3n y presencia del Paje Real. <a href=\"https:\/\/ffe.es\/patrimonio\/Tren_Navidad.htm\">Web<\/a><\/li>\n<li>30 de diciembre &#8211; <a href=\"http:\/\/www.vidademadrid.com\/es\/14764\/preuvas-madrid-2019\/\">Preuvas en Puerta del Sol<\/a><\/li>\n<li>31 de diciembre &#8211; <a href=\"http:\/\/www.vidademadrid.com\/es\/14333\/nochevieja-madrid-2019-2020-puerta-sol\/\"><strong>Nochevieja en Puerta del Sol<\/strong><\/a><\/li>\n<li>31 de diciembre &#8211; <strong><a href=\"http:\/\/www.vidademadrid.com\/es\/14722\/restaurantes-abiertos-nochevieja-2019-madrid\/\">Cena en restaurante: rese\u00f1a de los mejores (con men\u00fa especial)<\/a><\/strong><\/li>\n<\/ul>\n<h2>Eventos de todo el mes de diciembre 2019 en Madrid<\/h2>\n<p><script async=\"\" src=\"\/\/pagead2.googlesyndication.com\/pagead\/js\/adsbygoogle.js\"><\/script><\/p>\n<p><!-- Vida vertical --><ins class=\"adsbygoogle\" style=\"display: inline-block; width: 300px; height: 600px;\" data-ad-client=\"ca-pub-7450064428034605\" data-ad-slot=\"7296098777\"><\/ins> <script> (adsbygoogle = window.adsbygoogle || []).push({}); <\/script><\/p>\n<ul>\n<li><strong>Luces de Navidad, <a href=\"http:\/\/www.vidademadrid.com\/es\/14375\/bola-gigante-navidad-2019-madrid\/\">bola gigante<\/a> y nuevos \u00e1rboles<\/strong>, consulta todo en nuestro <a href=\"http:\/\/www.vidademadrid.com\/es\/14426\/navidad-2019\/\"><strong>especial Navidad 2019<\/strong><\/a><\/li>\n<li><a href=\"http:\/\/www.vidademadrid.com\/es\/14873\/pistas-hielo-madrid-2019\/\"><strong>Pistas de hielo en Navidad<\/strong><\/a><\/li>\n<li><strong>Cortylandia 2019<\/strong>, t\u00edtulo de este a\u00f1o: Elfolandia. Hasta el 6 de enero<\/li>\n<li><strong><a href=\"http:\/\/www.vidademadrid.com\/es\/14100\/mercado-navidad-plaza-mayor-madrid-2019\/\">Mercadillo de Navidad de Plaza Mayor<\/a><\/strong><\/li>\n<li><strong><a href=\"https:\/\/www.esmadrid.com\/agenda\/feria-mercado-artesania-comunidad-madrid\">Feria de Artesan\u00eda de la Comunidad de Madrid <\/a><\/strong>en Recoletos<\/li>\n<li><strong>Las Luces del Real Jard\u00edn Bot\u00e1nico \u2013 Christmas Garden Madrid<\/strong>.&nbsp; <a href=\"http:\/\/www.vidademadrid.com\/es\/14064\/luces-real-jardin-botanico\/\">Art\u00edculo Vida de Madrid con info entradas<\/a>. Hasta el 6 de enero.<\/li>\n<li><strong><em>Circo de Hielo 2<\/em> &#8211; <a href=\"https:\/\/www.entradas.com\/entradas.html?affiliate=VMM&amp;doc=artistPages%2Ftickets&amp;fun=artist&amp;action=tickets&amp;erid=2513694&amp;includeOnlybookable=false&amp;xtmc=circo_de_hielo&amp;xtnp=1&amp;xtcr=1\">Entradas<\/a><\/strong><\/li>\n<li><strong><em>\u00a1Enciende Madrid!<\/em> Festival de escaparates navide\u00f1os<\/strong>&nbsp;en 41 tiendas en el barrio de Las Salesas.&nbsp;<a href=\"https:\/\/salesasvillage.org\/enciende-salesas-el-primer-festival-de-escaparates-navidenos-en-el-barrio-de-salesas\/\">Info<\/a>. Hasta el 7 de enero<\/li>\n<li><strong>Circo Price en Navidad<\/strong>.&nbsp;<a href=\"http:\/\/www.vidademadrid.com\/es\/13771\/espectaculos-navidad-2019-madrid-agenda-entradas\/\">Art\u00edculo Vida de Madrid<\/a><\/li>\n<li><em><strong>Game On<\/strong><\/em>, exposici\u00f3n internacional de videojuegos de 2019-2020. La Fundaci\u00f3n Canal (Plaza Castilla) &#8211; <a href=\"http:\/\/www.vidademadrid.com\/es\/14600\/exposicion-videojuegos-madrid-canal-2019-2020-entradas\/\">Art\u00edculo Vida de Madrid<\/a><\/li>\n<li><strong>Naviluz 2019<\/strong> (<a href=\"http:\/\/www.vidademadrid.com\/es\/14623\/reventa-naviluz-2019\/\">Info entradas<\/a>) y <strong>Autobus de la Navidad Civitatis<\/strong> <a href=\"http:\/\/www.vidademadrid.com\/es\/14479\/reserva-autobus-navidad-madrid-2019\/\">(info entradas)<\/a><\/li>\n<li><strong><em>Tutankham\u00f3n: la tumba y sus tesoros<\/em><\/strong>, una&nbsp;exposici\u00f3n&nbsp;sobre <strong>Antiguo Egipto<\/strong> en el Espacio 5.1 en <strong>IFEMA. <a href=\"http:\/\/www.vidademadrid.com\/es\/14498\/exposicion-egipto-madrid-2019-2020-tutankhamon-en-ifema-entradas\/\">Info y entradas en el art\u00edculo Vida de Madrid<\/a><\/strong><\/li>\n<li><strong>Exposici\u00f3n <em>Game On<\/em> \u2013 <\/strong>En la Fundaci\u00f3n Canal (Plaza Castilla), la mayor exposici\u00f3n internacional sobre la historia y la cultura del videojuego, con m\u00e1s de 150 juegos jugables, videoconsolas y ordenadores en sus formatos originales.&nbsp;<a href=\"http:\/\/www.vidademadrid.com\/es\/14600\/exposicion-videojuegos-madrid-canal-2019-2020-entradas\/\">Art\u00edculo Vida de Madrid<\/a><\/li>\n<li><em><strong>El Rey Leon<\/strong><\/em>, <a href=\"http:\/\/www.vidademadrid.com\/es\/14347\/el-rey-leon-navidad-2019-entradas\/\">funciones de Navidad 2019<\/a><\/li>\n<li><a href=\"http:\/\/www.vidademadrid.com\/es\/14318\/teatro-navidad-2019-en-madrid-cartelera-y-obras-recomendadas\/\"><strong>Otras obras de teatro recomendadas para Navidad 2019<\/strong><\/a> &#8211; <a href=\"https:\/\/www.entradas.com\/entradas-billy-elliot-el-musical.html?affiliate=VMM&amp;doc=artistPages%2Ftickets&amp;fun=artist&amp;action=tickets&amp;erid=1769242\">Billy Elliot<\/a> &#8211; <a href=\"https:\/\/www.entradas.com\/entradas-anastasia-el-musical.html?affiliate=VMM&amp;doc=artistPages%2Ftickets&amp;fun=artist&amp;action=tickets&amp;erid=1565629\">Anastasia<\/a> &#8211; <a href=\"https:\/\/www.entradas.com\/entradas-ghost-el-musical.html?affiliate=VMM&amp;doc=erdetaila&amp;fun=erdetail&amp;erid=2376369&amp;sort_by=event_datum&amp;sort_direction=asc\">Ghost<\/a> &#8211; <a href=\"https:\/\/www.entradas.com\/entradas-la-cubana.html?affiliate=VMM&amp;doc=erdetaila&amp;fun=erdetail&amp;erid=2419958&amp;sort_by=event_datum&amp;sort_direction=asc\">La Cubana <\/a>&nbsp;&#8211; &nbsp;<a href=\"http:\/\/www.vidademadrid.com\/es\/14452\/la-jaula-de-las-locas-entradas-madrid-teatro-rialto\/\">La Jaula de las locas<\/a><\/li>\n<li><strong>Vino caliente<\/strong> en el rooftop de Casa Suecia<\/li>\n<li>Comida o cena en uno de los <strong>restaurantes del momento en Madrid<\/strong>:&nbsp;<a href=\"http:\/\/www.vidademadrid.com\/es\/restaurantes-bares-madrid\/\">lee mis rese\u00f1as<\/a>&nbsp;o vive las experiencias en mis&nbsp;<a href=\"https:\/\/instagram.com\/VidaDeMadrid\">Stories Destacadas<\/a>.<\/li>\n<li><strong>Rutas de MicroPlanMadrid<\/strong>: Madrid Secreto a Secreto (en el Centro), Asesinatos a la madrile\u00f1a (en Malasa\u00f1a), y muchas m\u00e1s visitas interesantes (inclusas las a tabernas de Madrid).&nbsp;<a href=\"https:\/\/microplanmadrid.com\/planes-madrid-ocio\/\">Agenda en su web<\/a><\/li>\n<li><a href=\"http:\/\/www.vidademadrid.com\/navidad\"><strong>Y m\u00e1s en el ESPECIAL NAVIDAD de Vida de Madrid<\/strong><\/a><\/li>\n<\/ul>\n<p>\u00bfFalta algo? info@vidademadrid.com<\/p>\n<p>Foto: Vida de Madrid<\/p>\n","protected":false},"excerpt":{"rendered":"<p>La agenda del mes<\/p>\n","protected":false},"author":1,"featured_media":14688,"comment_status":"open","ping_status":"open","sticky":false,"template":"","format":"standard","meta":{"footnotes":""},"categories":[11],"tags":[],"class_list":{"0":"post-14686","1":"post","2":"type-post","3":"status-publish","4":"format-standard","5":"has-post-thumbnail","7":"category-eventos-madrid"},"_links":{"self":[{"href":"https:\/\/www.vidademadrid.com\/es\/wp-json\/wp\/v2\/posts\/14686","targetHints":{"allow":["GET"]}}],"collection":[{"href":"https:\/\/www.vidademadrid.com\/es\/wp-json\/wp\/v2\/posts"}],"about":[{"href":"https:\/\/www.vidademadrid.com\/es\/wp-json\/wp\/v2\/types\/post"}],"author":[{"embeddable":true,"href":"https:\/\/www.vidademadrid.com\/es\/wp-json\/wp\/v2\/users\/1"}],"replies":[{"embeddable":true,"href":"https:\/\/www.vidademadrid.com\/es\/wp-json\/wp\/v2\/comments?post=14686"}],"version-history":[{"count":33,"href":"https:\/\/www.vidademadrid.com\/es\/wp-json\/wp\/v2\/posts\/14686\/revisions"}],"predecessor-version":[{"id":15001,"href":"https:\/\/www.vidademadrid.com\/es\/wp-json\/wp\/v2\/posts\/14686\/revisions\/15001"}],"wp:featuredmedia":[{"embeddable":true,"href":"https:\/\/www.vidademadrid.com\/es\/wp-json\/wp\/v2\/media\/14688"}],"wp:attachment":[{"href":"https:\/\/www.vidademadrid.com\/es\/wp-json\/wp\/v2\/media?parent=14686"}],"wp:term":[{"taxonomy":"category","embeddable":true,"href":"https:\/\/www.vidademadrid.com\/es\/wp-json\/wp\/v2\/categories?post=14686"},{"taxonomy":"post_tag","embeddable":true,"href":"https:\/\/www.vidademadrid.com\/es\/wp-json\/wp\/v2\/tags?post=14686"}],"curies":[{"name":"wp","href":"https:\/\/api.w.org\/{rel}","templated":true}]}}