{"id":13605,"date":"2019-10-02T13:03:13","date_gmt":"2019-10-02T11:03:13","guid":{"rendered":"http:\/\/www.vidademadrid.com\/es\/?p=13605"},"modified":"2020-10-16T18:25:09","modified_gmt":"2020-10-16T16:25:09","slug":"donde-estan-meninas-2019-madrid","status":"publish","type":"post","link":"https:\/\/www.vidademadrid.com\/es\/13605\/donde-estan-meninas-2019-madrid\/","title":{"rendered":"\u00bfD\u00f3nde est\u00e1n las meninas 2019 en Madrid? Ubicaciones y mapa Meninas Madrid Gallery"},"content":{"rendered":"<p>\u00a1Ya han llegado <strong>las meninas de la edici\u00f3n 2019 de Meninas Madrid Gallery<\/strong>! Un a\u00f1o mas, los personajes de Vel\u00e1zquez toman las calles de Madrid gracias al gran trabajo de Antonio Azzato y de los artistas que est\u00e1n colaborando con \u00e9l creando las meninas que podemos ver durante los meses de octubre y noviembre 2019.<\/p>\n<p><script async=\"\" src=\"\/\/pagead2.googlesyndication.com\/pagead\/js\/adsbygoogle.js\"><\/script> <!-- Vida vertical --> <ins class=\"adsbygoogle\" style=\"display: inline-block; width: 300px; height: 600px;\" data-ad-client=\"ca-pub-7450064428034605\" data-ad-slot=\"7296098777\"><\/ins> <script> (adsbygoogle = window.adsbygoogle || []).push({}); <\/script><\/p>\n<p>Como sab\u00e9is, en Vida de Madrid somos gran fans de las meninas as\u00ed que hay muchas maneras para no perderte nada: <a href=\"https:\/\/www.instagram.com\/stories\/highlights\/17895543907378590\/\">en <strong>Instagram Stories<\/strong> ten\u00e9is todos los d\u00edas mi caza en tiempo real, donde voy contando una a una las meninas hasta llegar a las 52\/54<\/a> que tomar\u00e1n las calles durante estos dos meses de 2019. En el <a href=\"https:\/\/www.instagram.com\/VidaDeMadrid\/\">feed de Instagram<\/a> tambi\u00e9n ten\u00e9is muchas fotos que pod\u00e9is comentar. En <a href=\"https:\/\/twitter.com\/VidaDeMadrid\/status\/1179043365373009922\">Twitter @vidademadrid<\/a> hilo con todas las fotos, y album especial tambi\u00e9n en <a href=\"https:\/\/www.facebook.com\/vidademadrid\/\">Facebook @vidademadrid<\/a>.<\/p>\n\n<h2><a href=\"http:\/\/bit.ly\/votameninas\">Pincha aqu\u00ed para ver todas las Meninas y votar a tus favoritas<\/a><\/h2>\n<p>&nbsp;<\/p>\n<p>Y aqu\u00ed, a continuaci\u00f3n, toda la informaci\u00f3n \u00fatil para tu caza a las meninas de <strong>Meninas Madrid Gallery 2019<\/strong>. El mapa con las ubicaciones de las 57 meninas, sus nombres, sus autores y mis fotos (seg\u00fan las voy viendo).<\/p>\n<p><script async=\"\" src=\"\/\/pagead2.googlesyndication.com\/pagead\/js\/adsbygoogle.js\"><\/script> <!-- Vida 1 --> <ins class=\"adsbygoogle\" style=\"display: block;\" data-ad-client=\"ca-pub-7450064428034605\" data-ad-slot=\"2284573579\" data-ad-format=\"auto\"><\/ins> <script> (adsbygoogle = window.adsbygoogle || []).push({}); <\/script><\/p>\n<p>&nbsp;<\/p>\n<h2>Los nombres de las Meninas de octubre y noviembre 2019<\/h2>\n<ol>\n<li>Madrid, la criatura cambiante<\/li>\n<li>En las aguas que apagan todos los incendios yo escribo tu nombre, Libertad<\/li>\n<li>La Movida<\/li>\n<li>Sofia<\/li>\n<li>Menina Provincias de Espa\u00f1a<\/li>\n<li>\u00abLa menina suiza\u00bb<\/li>\n<li>Paseo de Recoletos<\/li>\n<li>Velazquina<\/li>\n<li>Calle de Goya &amp; Calle Serrano<\/li>\n<li>Mi Universo<\/li>\n<li>Menina Rockera<\/li>\n<li>Sephorarte<\/li>\n<li>Menina espejo<\/li>\n<li>La flor de mi jard\u00edn<\/li>\n<li>Sajonia<\/li>\n<li>Menina Chaplin Party<\/li>\n<li>Taberna<\/li>\n<li>Vel\u00e1zquez, \u00bfyo soy guapa?<\/li>\n<li>XC40<\/li>\n<li>Vestida de Maestra<\/li>\n<li>\u201c\u00d1oli, Volando Ando\u201d<\/li>\n<li>\u201cVolando por Madrid\u201d<\/li>\n<li>Calle de Montalb\u00e1n, 1<\/li>\n<li>Menina Motera Blaze<\/li>\n<li>Madrid sue\u00f1a<\/li>\n<li>Menina con mucha historia<\/li>\n<li>\u00abFRIENDS 25 ANIVERSARIO\u00bb<\/li>\n<li>Sara Andres<\/li>\n<li>Flora desencadenada<\/li>\n<li>Menina bella, salvaje y vulnerable<\/li>\n<li>Cultura en la piel<\/li>\n<li>Yo Inmigrante<\/li>\n<li>Menina Mimada<\/li>\n<li>La dama enigm\u00e1tica de Goya flota bajo la lluvia<\/li>\n<li>Menina \u00bfCulpable?<\/li>\n<li>A m\u00ed me gustas<\/li>\n<li>Maestros Cerveceros<\/li>\n<li>Lluvia<\/li>\n<li>La Huella<\/li>\n<li>\u00c1ngel<\/li>\n<li>El Coraz\u00f3n de las letras<\/li>\n<li>OC\u00c9ANO \u00bfINFINITO?<\/li>\n<li>Chiriwinkinki<\/li>\n<li>Aplausos &#8211; Plaza Mayor, Madrid<\/li>\n<li>Jard\u00edn Vertical<\/li>\n<li>Video Mapping In Love<\/li>\n<li>Menina Solidaria<\/li>\n<li>Menina Cocinera<\/li>\n<li>Theia<\/li>\n<li>Dando color a una ciudad gris<\/li>\n<li>Nacida Libre<\/li>\n<li>Circo de Hielo 2<\/li>\n<li>El talento no pasa desapercibido<\/li>\n<li>Menina Joya Lustre de Mar<\/li>\n<li>Somos de barrio, somos de mercado<\/li>\n<li>#MadridIsMagic<\/li>\n<li>Menina S\u00e1lvame<\/li>\n<\/ol>\n<h2>El mapa de las Meninas de octubre y noviembre 2019<\/h2>\n<p>Este mapa, elaborado por Vida de Madrid, incluye informaci\u00f3n oficial de los organizadores (nombre menina y autor), fotos de Vida de Madrid y numeraci\u00f3n correspondiente a mi caza en Instagram Stories.&nbsp;<\/p>\n\n\n<iframe loading=\"lazy\" src=\"https:\/\/www.google.com\/maps\/d\/embed?mid=1IO8DDh2tdOkXupPfb1ART0OSQwctrNLw\" width=\"715\" height=\"480\"><\/iframe>\n","protected":false},"excerpt":{"rendered":"<p>Todo sobre la vuelta de las Meninas<\/p>\n","protected":false},"author":1,"featured_media":13606,"comment_status":"open","ping_status":"open","sticky":false,"template":"","format":"standard","meta":{"footnotes":""},"categories":[1],"tags":[142],"class_list":{"0":"post-13605","1":"post","2":"type-post","3":"status-publish","4":"format-standard","5":"has-post-thumbnail","7":"category-varios","8":"tag-meninas-madrid-gallery"},"_links":{"self":[{"href":"https:\/\/www.vidademadrid.com\/es\/wp-json\/wp\/v2\/posts\/13605","targetHints":{"allow":["GET"]}}],"collection":[{"href":"https:\/\/www.vidademadrid.com\/es\/wp-json\/wp\/v2\/posts"}],"about":[{"href":"https:\/\/www.vidademadrid.com\/es\/wp-json\/wp\/v2\/types\/post"}],"author":[{"embeddable":true,"href":"https:\/\/www.vidademadrid.com\/es\/wp-json\/wp\/v2\/users\/1"}],"replies":[{"embeddable":true,"href":"https:\/\/www.vidademadrid.com\/es\/wp-json\/wp\/v2\/comments?post=13605"}],"version-history":[{"count":9,"href":"https:\/\/www.vidademadrid.com\/es\/wp-json\/wp\/v2\/posts\/13605\/revisions"}],"predecessor-version":[{"id":14331,"href":"https:\/\/www.vidademadrid.com\/es\/wp-json\/wp\/v2\/posts\/13605\/revisions\/14331"}],"wp:featuredmedia":[{"embeddable":true,"href":"https:\/\/www.vidademadrid.com\/es\/wp-json\/wp\/v2\/media\/13606"}],"wp:attachment":[{"href":"https:\/\/www.vidademadrid.com\/es\/wp-json\/wp\/v2\/media?parent=13605"}],"wp:term":[{"taxonomy":"category","embeddable":true,"href":"https:\/\/www.vidademadrid.com\/es\/wp-json\/wp\/v2\/categories?post=13605"},{"taxonomy":"post_tag","embeddable":true,"href":"https:\/\/www.vidademadrid.com\/es\/wp-json\/wp\/v2\/tags?post=13605"}],"curies":[{"name":"wp","href":"https:\/\/api.w.org\/{rel}","templated":true}]}}