{"id":13367,"date":"2019-07-02T20:19:46","date_gmt":"2019-07-02T18:19:46","guid":{"rendered":"http:\/\/www.vidademadrid.com\/es\/?p=13367"},"modified":"2020-05-13T12:47:26","modified_gmt":"2020-05-13T10:47:26","slug":"bus-oficial-transporte-publico-mad-cool-2019","status":"publish","type":"post","link":"https:\/\/www.vidademadrid.com\/es\/13367\/bus-oficial-transporte-publico-mad-cool-2019\/","title":{"rendered":"Bus oficial y transporte p\u00fablico para llegar al Mad Cool Festival 2019"},"content":{"rendered":"<p>ACTUALIZACI\u00d3N: info actualizada <a href=\"http:\/\/www.vidademadrid.com\/es\/13381\/mad-cool-2019-transporte-especial-bus-taxi-uber\/\">aqu\u00ed\u00a0<\/a><\/p>\n<p><script async=\"\" src=\"\/\/pagead2.googlesyndication.com\/pagead\/js\/adsbygoogle.js\"><\/script><\/p>\n<p><!-- Vida vertical --><ins class=\"adsbygoogle\" style=\"display: inline-block; width: 300px; height: 600px;\" data-ad-client=\"ca-pub-7450064428034605\" data-ad-slot=\"7296098777\"><\/ins> <script> (adsbygoogle = window.adsbygoogle || []).push({}); <\/script><\/p>\n<p><strong>Mad Cool<\/strong> es uno de los festivales m\u00e1s esperados de<strong>\u00a0Madrid<\/strong> durante este verano<strong> 2019<\/strong>. En este articulo os contaremos que buses oficiales y el transportes p\u00fablico del que dispon\u00e9is para poder llegar al festival.<\/p>\n<h2>Bus oficial de Mad Cool 2019<\/h2>\n<p>El<strong> festival Mad Cool<\/strong> comienza el pr\u00f3ximo mi\u00e9rcoles, 10 de julio de 2019 con su <a href=\"http:\/\/www.vidademadrid.com\/es\/12486\/rosalia-concierto-10-julio-welcome-party-madcool-madrid-2019\/\">Welcome Party<\/a>, como ya os contamos en un art\u00edculo anterior.<\/p>\n<p>Sin embargo, hasta dos d\u00edas\u00a0 antes del inicio de la fiesta, la organizaci\u00f3n a\u00fan no ha publicado el horario ni recorrido de los buses oficiales, lo que ha generado un gran revuelo en redes, ya que tras el accidente que sufri\u00f3 uno de los buses en la edici\u00f3n anterior, los usuarios tenian <strong>miedo de que este a\u00f1o no hubiera bus oficial.<\/strong><\/p>\n<p>Por su parte, <strong>la organizaci\u00f3n<\/strong> nos comentaba el pasado d\u00eda 4\u00a0 en Twitter que \u00abMuy pronto os ofreceremos todos los detalles sobre transportes!\u00bb, sin embargo continua sin pronunciarse en redes al respecto.<\/p>\n<h2>Transporte p\u00fablico para acceder al festival Mad Cool 2019<\/h2>\n<p><script async=\"\" src=\"\/\/pagead2.googlesyndication.com\/pagead\/js\/adsbygoogle.js\"><\/script><\/p>\n<p><!-- Vida 2 --><ins class=\"adsbygoogle\" style=\"display: inline-block; width: 336px; height: 280px;\" data-ad-client=\"ca-pub-7450064428034605\" data-ad-slot=\"9336835571\"><\/ins> <script> (adsbygoogle = window.adsbygoogle || []).push({}); <\/script><\/p>\n<p>Como ya os contamos en el art\u00edculo <a href=\"http:\/\/www.vidademadrid.com\/es\/13160\/mad-cool-festival-madrid-2019-fechas-entradas-recinto\/\">Mad Cool Festival 2019<\/a>, el festival se celebra en <strong>Valdebebas-Ifema.<\/strong><\/p>\n<p>En la p\u00e1gina web del Ayuntamiento nos explican <strong>c\u00f3mo llegar hasta este recinto.<\/strong><\/p>\n<blockquote><p><strong>Cercan\u00edas<\/strong>: Estaci\u00f3n Valdebebas (Cercan\u00edas C1:\u00a0salida \u00faltimo tren: 23:35\u00a0y\u00a0C10: salida \u00faltimo tren 22:51 h): unos 14\u00a0minutos andando al recinto<\/p>\n<p>Metro: <strong>Estaci\u00f3n Feria de Madrid<\/strong> (L8. Consultar horarios): acceder a pie por Puerta Sur de Ifema-Feria de Madrid, atravesando el recinto hasta un conexi\u00f3n que hay en la zona norte a Valdebebas: unos 16 minutos andando al recinto<\/p><\/blockquote>\n<h2>Buses oficiales en anteriores ediciones del festival Mad Cool<\/h2>\n<p><script async=\"\" src=\"\/\/pagead2.googlesyndication.com\/pagead\/js\/adsbygoogle.js\"><\/script><\/p>\n<p><!-- Vida 1 --><ins class=\"adsbygoogle\" style=\"display: block;\" data-ad-client=\"ca-pub-7450064428034605\" data-ad-slot=\"2284573579\" data-ad-format=\"auto\"><\/ins> <script> (adsbygoogle = window.adsbygoogle || []).push({}); <\/script><\/p>\n<p>En anteriores ediciones, la Empresa Municipal de Transportes (EMT) pone un servicio especial <strong>nocturno desde Ifema a Plaza Castilla<\/strong>, de modo que comunica el recinto con las l\u00edneas 1,9 y 10 de metro y con los buses 27, 42, 49, 67, 70,129, 134, 135, 173, 174, 175, 176, 177 y 178.<\/p>\n<p>Adem\u00e1s, en la edici\u00f3n de 2017 a trav\u00e9s de la web del festival pod\u00edas ponerte en contacto con otras personas que acudieran para <strong>compartir coche<\/strong> o indicar la parada de bus en la que quer\u00edas montarte.<\/p>\n<p>En la pasada edici\u00f3n se a\u00f1adieron <strong>nocturnos oficiales<\/strong> que llegaban desde las 02.00 horas hasta las 05.00 horas de manera ininterrumpida a la Plaza Col\u00f3n.<\/p>\n<p>Imagen: <em>Mad Cool\u00a0<\/em><\/p>\n","protected":false},"excerpt":{"rendered":"<p>ACTUALIZACI\u00d3N: info actualizada aqu\u00ed\u00a0 Mad Cool es uno de los festivales m\u00e1s esperados de\u00a0Madrid durante este verano 2019. En este articulo os contaremos que buses oficiales y el transportes p\u00fablico del que dispon\u00e9is para poder llegar al festival. Bus oficial de Mad Cool 2019 El festival Mad Cool comienza el pr\u00f3ximo mi\u00e9rcoles, 10 de julio [&hellip;]<\/p>\n","protected":false},"author":4,"featured_media":13163,"comment_status":"open","ping_status":"open","sticky":false,"template":"","format":"standard","meta":{"footnotes":""},"categories":[22],"tags":[95],"class_list":{"0":"post-13367","1":"post","2":"type-post","3":"status-publish","4":"format-standard","5":"has-post-thumbnail","7":"category-conciertos-madrid","8":"tag-mad-cool"},"_links":{"self":[{"href":"https:\/\/www.vidademadrid.com\/es\/wp-json\/wp\/v2\/posts\/13367","targetHints":{"allow":["GET"]}}],"collection":[{"href":"https:\/\/www.vidademadrid.com\/es\/wp-json\/wp\/v2\/posts"}],"about":[{"href":"https:\/\/www.vidademadrid.com\/es\/wp-json\/wp\/v2\/types\/post"}],"author":[{"embeddable":true,"href":"https:\/\/www.vidademadrid.com\/es\/wp-json\/wp\/v2\/users\/4"}],"replies":[{"embeddable":true,"href":"https:\/\/www.vidademadrid.com\/es\/wp-json\/wp\/v2\/comments?post=13367"}],"version-history":[{"count":5,"href":"https:\/\/www.vidademadrid.com\/es\/wp-json\/wp\/v2\/posts\/13367\/revisions"}],"predecessor-version":[{"id":13386,"href":"https:\/\/www.vidademadrid.com\/es\/wp-json\/wp\/v2\/posts\/13367\/revisions\/13386"}],"wp:featuredmedia":[{"embeddable":true,"href":"https:\/\/www.vidademadrid.com\/es\/wp-json\/wp\/v2\/media\/13163"}],"wp:attachment":[{"href":"https:\/\/www.vidademadrid.com\/es\/wp-json\/wp\/v2\/media?parent=13367"}],"wp:term":[{"taxonomy":"category","embeddable":true,"href":"https:\/\/www.vidademadrid.com\/es\/wp-json\/wp\/v2\/categories?post=13367"},{"taxonomy":"post_tag","embeddable":true,"href":"https:\/\/www.vidademadrid.com\/es\/wp-json\/wp\/v2\/tags?post=13367"}],"curies":[{"name":"wp","href":"https:\/\/api.w.org\/{rel}","templated":true}]}}