{"id":13310,"date":"2019-06-25T22:28:47","date_gmt":"2019-06-25T20:28:47","guid":{"rendered":"http:\/\/www.vidademadrid.com\/es\/?p=13310"},"modified":"2019-06-25T22:28:49","modified_gmt":"2019-06-25T20:28:49","slug":"fiestas-carmen-chamberi-2019-fechas-programa","status":"publish","type":"post","link":"https:\/\/www.vidademadrid.com\/es\/13310\/fiestas-carmen-chamberi-2019-fechas-programa\/","title":{"rendered":"Fiestas del Carmen en Chamber\u00ed 2019: Fechas y programa"},"content":{"rendered":"<p>Seguimos celebrando las fiestas de los<strong> barrios de Madrid<\/strong>. Ahora es el turno de<strong> Chamber\u00ed<\/strong> que celebra sus<strong> fiestas del Carmen 2019<\/strong> en las pr\u00f3ximas semanas. En este post os contamos sus <strong>fechas<\/strong>, <strong>espacios\u00a0y su programa<\/strong> de actividades para que no te pierdas nada.<\/p>\n<h2>Fechas de las fiestas del Carmen 2019<\/h2>\n<p><script async=\"\" src=\"\/\/pagead2.googlesyndication.com\/pagead\/js\/adsbygoogle.js\"><\/script> <!-- Vida 2 --> <ins class=\"adsbygoogle\" style=\"display: inline-block; width: 336px; height: 280px;\" data-ad-client=\"ca-pub-7450064428034605\" data-ad-slot=\"9336835571\"><\/ins> <script> (adsbygoogle = window.adsbygoogle || []).push({}); <\/script><\/p>\n<p>Este a\u00f1o se adelantan las <strong>fiestas del Carmen 2019<\/strong> y comenzar\u00e1n el viernes <strong>5 de julio<\/strong>. Las fiestas y eventos se celebrar\u00e1n hasta el domingo 14 de julio, dejando los actos religiosos en honor a la <strong>Virgen del Carmen<\/strong> para el martes 16 de julio, d\u00eda de la patrona.<\/p>\n<h2>Programa fiestas del Carmen Chamber\u00ed 2019<\/h2>\n<p><script async=\"\" src=\"\/\/pagead2.googlesyndication.com\/pagead\/js\/adsbygoogle.js\"><\/script> <!-- Vida vertical --> <ins class=\"adsbygoogle\" style=\"display: inline-block; width: 300px; height: 600px;\" data-ad-client=\"ca-pub-7450064428034605\" data-ad-slot=\"7296098777\"><\/ins> <script> (adsbygoogle = window.adsbygoogle || []).push({}); <\/script><\/p>\n<p>El p<strong>rograma de festejos<\/strong> aun no se ha cerrado, pero ya conocemos algunos de los eventos m\u00e1s importantes que se van a celebrar.\u00a0<\/p>\n<p>El <strong>30 de junio<\/strong>, fuera de las fechas se\u00f1aladas anteriormente, se realizar\u00e1 una carrera prefiestas del Carmen 2019.\u00a0<\/p>\n<blockquote>\n<p><strong>Chamber\u00ed Summer Race<\/strong>, que se celebra en las inmediaciones del antiguo Estadio de Vallehermoso. Con salida y llegada en el parque Santander, la carrera constar\u00e1 de dos distancias: legua y <strong>10.000 metros.<\/strong><\/p>\n<\/blockquote>\n<p>Tambi\u00e9n, se han confirmado las actividades deportivas que se celebrar\u00e1n el s\u00e1bado<strong> 6 de julio de 2019<\/strong> en los centros deportivos de Vallehermoso y Canal. Estas actividades comenzar\u00e1n a las<strong> 09.00 horas<\/strong> y se practicar\u00e1 f\u00fatbol 7, f\u00fatbol sala, baloncesto y voleibol.<\/p>\n<p>El domingo 7 de julio, continuar\u00e1 el <strong>deporte en Vallehermoso<\/strong> con zumba, salsa esgrima y bailes desde las 11.00 horas.<\/p>\n<h2>Espacios fiestas del Carmen 2019<\/h2>\n<p><script async=\"\" src=\"\/\/pagead2.googlesyndication.com\/pagead\/js\/adsbygoogle.js\"><\/script> <!-- Vida 1 --> <ins class=\"adsbygoogle\" style=\"display: block;\" data-ad-client=\"ca-pub-7450064428034605\" data-ad-slot=\"2284573579\" data-ad-format=\"auto\"><\/ins> <script> (adsbygoogle = window.adsbygoogle || []).push({}); <\/script><\/p>\n<p>Como espacios en Chamber\u00ed para la celebraci\u00f3n de las fiestas se mantendr\u00e1n los mismos que el a\u00f1o pasado.<\/p>\n<p>Los eventos se centrar\u00e1n principalmente en la Plaza de Chamber\u00ed, Plaza Olavide y calle Ponzano.<\/p>\n<p>A\u00fan se desconoce el d\u00eda concreto, pero durante una jornada festiva se cortar\u00e1 la calle Ponzano desde Santa Engracia a R\u00edos Rosas para celebrar all\u00ed actividades y que los bares y negocios puedan ofrecer nuevos eventos sin riesgos ni tr\u00e1fico.<\/p>\n<p>Foto:<em> Vida de Madrid<\/em><\/p>\n\n\n<p><\/p>\n","protected":false},"excerpt":{"rendered":"<p>Conoce las fechas y el programa de las fiestas del Carmen<\/p>\n","protected":false},"author":4,"featured_media":13311,"comment_status":"open","ping_status":"open","sticky":false,"template":"","format":"standard","meta":{"footnotes":""},"categories":[1],"tags":[10],"class_list":{"0":"post-13310","1":"post","2":"type-post","3":"status-publish","4":"format-standard","5":"has-post-thumbnail","7":"category-varios","8":"tag-chamberi-madrid"},"_links":{"self":[{"href":"https:\/\/www.vidademadrid.com\/es\/wp-json\/wp\/v2\/posts\/13310","targetHints":{"allow":["GET"]}}],"collection":[{"href":"https:\/\/www.vidademadrid.com\/es\/wp-json\/wp\/v2\/posts"}],"about":[{"href":"https:\/\/www.vidademadrid.com\/es\/wp-json\/wp\/v2\/types\/post"}],"author":[{"embeddable":true,"href":"https:\/\/www.vidademadrid.com\/es\/wp-json\/wp\/v2\/users\/4"}],"replies":[{"embeddable":true,"href":"https:\/\/www.vidademadrid.com\/es\/wp-json\/wp\/v2\/comments?post=13310"}],"version-history":[{"count":3,"href":"https:\/\/www.vidademadrid.com\/es\/wp-json\/wp\/v2\/posts\/13310\/revisions"}],"predecessor-version":[{"id":13314,"href":"https:\/\/www.vidademadrid.com\/es\/wp-json\/wp\/v2\/posts\/13310\/revisions\/13314"}],"wp:featuredmedia":[{"embeddable":true,"href":"https:\/\/www.vidademadrid.com\/es\/wp-json\/wp\/v2\/media\/13311"}],"wp:attachment":[{"href":"https:\/\/www.vidademadrid.com\/es\/wp-json\/wp\/v2\/media?parent=13310"}],"wp:term":[{"taxonomy":"category","embeddable":true,"href":"https:\/\/www.vidademadrid.com\/es\/wp-json\/wp\/v2\/categories?post=13310"},{"taxonomy":"post_tag","embeddable":true,"href":"https:\/\/www.vidademadrid.com\/es\/wp-json\/wp\/v2\/tags?post=13310"}],"curies":[{"name":"wp","href":"https:\/\/api.w.org\/{rel}","templated":true}]}}