{"id":13089,"date":"2019-06-04T08:41:28","date_gmt":"2019-06-04T06:41:28","guid":{"rendered":"http:\/\/www.vidademadrid.com\/es\/?p=13089"},"modified":"2020-04-01T13:08:30","modified_gmt":"2020-04-01T11:08:30","slug":"cierre-linea4-metro-madrid-2019noticias-fechas","status":"publish","type":"post","link":"https:\/\/www.vidademadrid.com\/es\/13089\/cierre-linea4-metro-madrid-2019noticias-fechas\/","title":{"rendered":"Cierre de la L\u00ednea 4 del Metro Madrid en 2019: Noticias y Fechas"},"content":{"rendered":"<p>Tras la apertura de la l\u00ednea 2 del <strong>Metro de Madrid, <\/strong>ya hay rumores de que el pr\u00f3ximo <strong>cierre<\/strong> se producir\u00e1 en la <strong>l\u00ednea 4.<\/strong> En esta noticia recogemos las <strong>fechas de las obras<\/strong> y todas las <strong>informaciones<\/strong> sobre el cierre de la<strong> l\u00ednea 4<\/strong> en el <strong>verano 2019.<\/strong><\/p>\n<h2>Fechas del cierre de la l\u00ednea 4 del Metro de Madrid<\/h2>\n<p><script async=\"\" src=\"\/\/pagead2.googlesyndication.com\/pagead\/js\/adsbygoogle.js\"><\/script> <!-- Vida 2 --> <ins class=\"adsbygoogle\" style=\"display:inline-block;width:336px;height:280px\" data-ad-client=\"ca-pub-7450064428034605\" data-ad-slot=\"9336835571\"><\/ins> <script> (adsbygoogle = window.adsbygoogle || []).push({}); <\/script>Normalmente las obras que afectan a los<strong> transportes de Madrid<\/strong> se realizan durante los meses de<strong> verano<\/strong>, con el fin de afectar al menor n\u00famero de viajeros posibles. En este <strong>verano de 2019<\/strong> ya se ver\u00e1n afectadas las estaciones de <strong> Gran V\u00eda<\/strong> de metro y la estaci\u00f3n de cercan\u00edas de <strong>Recoletos.&nbsp;<\/strong><\/p>\n<p>En esta ocasi\u00f3n, las obras en la<strong> l\u00ednea 4 del Metro de Madrid,<\/strong> seg\u00fan informa el diario El Pa\u00eds, se comenzar\u00e1n a finales del mes de agosto y se mantendr\u00e1n has<strong> octubre de 2019.<\/strong><\/p>\n<h2>Informaci\u00f3n y noticias sobre el cierre de la l\u00ednea 4 de metro durante 2019<\/h2>\n<p>Seg\u00fan <strong>Metro de Madrid<\/strong> a\u00fan no se ha decidido si se realizar\u00e1n las obras, pero, el diario El Pa\u00eds ya informa de su concesi\u00f3n en un plazo m\u00e1ximo de 8 meses contando desde marzo, por lo que las <strong>obras en la l\u00ednea 4 del Metro de Madrid<\/strong> han de realizarse antes de noviembre de 2019.<\/p>\n<p>Estas obras supondr\u00edan un <strong>cierre total o parcial de la l\u00ednea 4<\/strong> que recorre Madrid desde Arg\u00fcelles a Pinar de Chamart\u00edn.<\/p>\n<p>Adem\u00e1s, seg\u00fan el Diario de Madrid, durante este verano el<strong> Plan de Modernizaci\u00f3n de Metro de Madrid<\/strong>&nbsp;llega a la estaci\u00f3n de Esperanza, situada en el barrio de Canillas, y perteneciente a la<strong> l\u00ednea 4<\/strong> de Metro.<\/p>\n<p><script async=\"\" src=\"\/\/pagead2.googlesyndication.com\/pagead\/js\/adsbygoogle.js\"><\/script> <!-- Vida 1 --> <ins class=\"adsbygoogle\" style=\"display:block\" data-ad-client=\"ca-pub-7450064428034605\" data-ad-slot=\"2284573579\" data-ad-format=\"auto\"><\/ins> <script> (adsbygoogle = window.adsbygoogle || []).push({}); <\/script>Foto: <em>Vida de Madrid<\/em><\/p>\n","protected":false},"excerpt":{"rendered":"<p>Toda la informaci\u00f3n sobre el cierre de la l\u00ednea 4 de Metro .<\/p>\n","protected":false},"author":4,"featured_media":13090,"comment_status":"open","ping_status":"open","sticky":false,"template":"","format":"standard","meta":{"footnotes":""},"categories":[23],"tags":[74],"class_list":{"0":"post-13089","1":"post","2":"type-post","3":"status-publish","4":"format-standard","5":"has-post-thumbnail","7":"category-transportes-huelgas-madrid","8":"tag-metro-de-madrid"},"_links":{"self":[{"href":"https:\/\/www.vidademadrid.com\/es\/wp-json\/wp\/v2\/posts\/13089","targetHints":{"allow":["GET"]}}],"collection":[{"href":"https:\/\/www.vidademadrid.com\/es\/wp-json\/wp\/v2\/posts"}],"about":[{"href":"https:\/\/www.vidademadrid.com\/es\/wp-json\/wp\/v2\/types\/post"}],"author":[{"embeddable":true,"href":"https:\/\/www.vidademadrid.com\/es\/wp-json\/wp\/v2\/users\/4"}],"replies":[{"embeddable":true,"href":"https:\/\/www.vidademadrid.com\/es\/wp-json\/wp\/v2\/comments?post=13089"}],"version-history":[{"count":3,"href":"https:\/\/www.vidademadrid.com\/es\/wp-json\/wp\/v2\/posts\/13089\/revisions"}],"predecessor-version":[{"id":13093,"href":"https:\/\/www.vidademadrid.com\/es\/wp-json\/wp\/v2\/posts\/13089\/revisions\/13093"}],"wp:featuredmedia":[{"embeddable":true,"href":"https:\/\/www.vidademadrid.com\/es\/wp-json\/wp\/v2\/media\/13090"}],"wp:attachment":[{"href":"https:\/\/www.vidademadrid.com\/es\/wp-json\/wp\/v2\/media?parent=13089"}],"wp:term":[{"taxonomy":"category","embeddable":true,"href":"https:\/\/www.vidademadrid.com\/es\/wp-json\/wp\/v2\/categories?post=13089"},{"taxonomy":"post_tag","embeddable":true,"href":"https:\/\/www.vidademadrid.com\/es\/wp-json\/wp\/v2\/tags?post=13089"}],"curies":[{"name":"wp","href":"https:\/\/api.w.org\/{rel}","templated":true}]}}