{"id":12992,"date":"2019-05-21T10:12:30","date_gmt":"2019-05-21T08:12:30","guid":{"rendered":"http:\/\/www.vidademadrid.com\/es\/?p=12992"},"modified":"2019-05-21T10:12:32","modified_gmt":"2019-05-21T08:12:32","slug":"feria-libro-madrid-2019-firmas-cartel-fechas","status":"publish","type":"post","link":"https:\/\/www.vidademadrid.com\/es\/12992\/feria-libro-madrid-2019-firmas-cartel-fechas\/","title":{"rendered":"Feria del Libro Madrid 2019: Fechas, cartel y firmas"},"content":{"rendered":"<p>Llega a <strong>Madrid la 78\u00aa edici\u00f3n de la Feria del Libro <\/strong>que celebra durante este el a\u00f1o <strong>2019<\/strong>. En este art\u00edculo te contamos toda la informaci\u00f3n para que conozcas su<strong> cartel<\/strong> y las <strong>fechas y firmas<\/strong> que se realizar\u00e1n esta edici\u00f3n.<\/p>\n<h2>Fechas de la Feria del Libro Madrid 2019<\/h2>\n<p><script async=\"\" src=\"\/\/pagead2.googlesyndication.com\/pagead\/js\/adsbygoogle.js\"><\/script> <!-- Vida vertical --> <ins class=\"adsbygoogle\" style=\"display:inline-block;width:300px;height:600px\" data-ad-client=\"ca-pub-7450064428034605\" data-ad-slot=\"7296098777\"><\/ins> <script> (adsbygoogle = window.adsbygoogle || []).push({}); <\/script>La Feria del Libro se celebra en el <strong>parque del Retiro de Madrid<\/strong> desde el pr\u00f3ximo viernes 31 de mayo de 2019.<\/p>\n<p>Hasta el domingo <strong>16 de junio de 2019<\/strong> se podr\u00e1n visitar las casetas en las que habr\u00e1 multitud de actividades.<\/p>\n<p>Los <strong>horarios<\/strong>: de lunes a viernes de 11:00 a 14:00 h y de 18:00 a 21:30 h. S\u00e1bado, domingo y festivos de 11:00 h a 15:00 h y de 17:00 a 21:30 h.<\/p>\n<h2>Cartel de la Feria del Libro Madrid 2019<\/h2>\n<p>Los carteles de la<strong> Feria del Libro de Madrid<\/strong> representan el esp\u00edritu del evento y es un orgullo para los ilustradores ser seleccionados para esta creaci\u00f3n.<\/p>\n<p>En esta ocasi\u00f3n el cartel ha vuelto a ser creado por una mujer, la ilustradora c\u00e1ntabra<strong> Sara Morante<\/strong> que ha explicado as\u00ed su cartel.<\/p>\n<blockquote><p>El cartel representa a una joven que porta un libro ardiendo en sus manos, en referencia a <em>Fahrenheit 45<\/em>1, de Ray Bradbury, por aquello de la censura&nbsp; y en su camiseta <em>La gran ola de Kanagawa<\/em>, de Hokusai., por ser una obra ic\u00f3nica, universal y tan popular que tiene hasta un emoji.<\/p><\/blockquote>\n<h2>Firmas en la Feria del Libro Madrid 2019<\/h2>\n<p><script async=\"\" src=\"\/\/pagead2.googlesyndication.com\/pagead\/js\/adsbygoogle.js\"><\/script> <!-- Vida 1 --> <ins class=\"adsbygoogle\" style=\"display:block\" data-ad-client=\"ca-pub-7450064428034605\" data-ad-slot=\"2284573579\" data-ad-format=\"auto\"><\/ins> <script> (adsbygoogle = window.adsbygoogle || []).push({}); <\/script>En esta edici\u00f3n el pa\u00eds invitado es<strong> Rep\u00fablica Dominicana<\/strong> por la que contaremos con la presencia de varios autores de esta nacionalidad.<\/p>\n<p>A lo largo de la<strong> Feria del Libro<\/strong> habr\u00e1 m\u00e1s de<strong> 1500 firmas<\/strong> de autores de todos los g\u00e9neros.<\/p>\n<p>Puedes consultarlos en la<a href=\"http:\/\/www.ferialibromadrid.com\/firmas\/\"> web de la feria del libro Madrid 2019<\/a>, en la cual se muestran seleccionando la <strong>fecha, el lugar de la firma o el nombre del autor<\/strong>.<\/p>\n<p>Foto: <em>Feria del libro<\/em><\/p>\n<p><script async=\"\" src=\"\/\/pagead2.googlesyndication.com\/pagead\/js\/adsbygoogle.js\"><\/script> <!-- Vida 1 --> <ins class=\"adsbygoogle\" style=\"display:block\" data-ad-client=\"ca-pub-7450064428034605\" data-ad-slot=\"2284573579\" data-ad-format=\"auto\"><\/ins> <script> (adsbygoogle = window.adsbygoogle || []).push({}); <\/script><\/p>\n","protected":false},"excerpt":{"rendered":"<p>Todo sobre la feria del libro de Madrid 2019<\/p>\n","protected":false},"author":4,"featured_media":12996,"comment_status":"open","ping_status":"open","sticky":false,"template":"","format":"standard","meta":{"footnotes":""},"categories":[1],"tags":[19],"class_list":{"0":"post-12992","1":"post","2":"type-post","3":"status-publish","4":"format-standard","5":"has-post-thumbnail","7":"category-varios","8":"tag-retiro"},"_links":{"self":[{"href":"https:\/\/www.vidademadrid.com\/es\/wp-json\/wp\/v2\/posts\/12992","targetHints":{"allow":["GET"]}}],"collection":[{"href":"https:\/\/www.vidademadrid.com\/es\/wp-json\/wp\/v2\/posts"}],"about":[{"href":"https:\/\/www.vidademadrid.com\/es\/wp-json\/wp\/v2\/types\/post"}],"author":[{"embeddable":true,"href":"https:\/\/www.vidademadrid.com\/es\/wp-json\/wp\/v2\/users\/4"}],"replies":[{"embeddable":true,"href":"https:\/\/www.vidademadrid.com\/es\/wp-json\/wp\/v2\/comments?post=12992"}],"version-history":[{"count":3,"href":"https:\/\/www.vidademadrid.com\/es\/wp-json\/wp\/v2\/posts\/12992\/revisions"}],"predecessor-version":[{"id":12999,"href":"https:\/\/www.vidademadrid.com\/es\/wp-json\/wp\/v2\/posts\/12992\/revisions\/12999"}],"wp:featuredmedia":[{"embeddable":true,"href":"https:\/\/www.vidademadrid.com\/es\/wp-json\/wp\/v2\/media\/12996"}],"wp:attachment":[{"href":"https:\/\/www.vidademadrid.com\/es\/wp-json\/wp\/v2\/media?parent=12992"}],"wp:term":[{"taxonomy":"category","embeddable":true,"href":"https:\/\/www.vidademadrid.com\/es\/wp-json\/wp\/v2\/categories?post=12992"},{"taxonomy":"post_tag","embeddable":true,"href":"https:\/\/www.vidademadrid.com\/es\/wp-json\/wp\/v2\/tags?post=12992"}],"curies":[{"name":"wp","href":"https:\/\/api.w.org\/{rel}","templated":true}]}}