{"id":1245,"date":"2015-12-04T10:50:58","date_gmt":"2015-12-04T09:50:58","guid":{"rendered":"http:\/\/www.vidademadrid.com\/es\/?p=1245"},"modified":"2020-05-14T15:14:40","modified_gmt":"2020-05-14T13:14:40","slug":"madreat-12-13-diciembre-2015-casa-de-campo","status":"publish","type":"post","link":"https:\/\/www.vidademadrid.com\/es\/1245\/madreat-12-13-diciembre-2015-casa-de-campo\/","title":{"rendered":"MadrEat, el 12 y 13 diciembre 2015 en Casa de Campo"},"content":{"rendered":"<p>Vuelve <strong>MadrEat<\/strong>! El Food Market m\u00e1s interesante de Madrid, despu\u00e9s de una pausa en noviembre, vuelve el fin de semana del <strong>12 y 13 diciembre 2015<\/strong> y cambia de ubicaci\u00f3n.<\/p>\n<p>La hist\u00f3rica sede de Azca no puede ser utilizada porque la zona est\u00e1 en obras, pero ya hay una nueva sede: ser\u00e1 <strong>Casa de Campo<\/strong> el lugar donde se celebrar\u00e1 el evento en este mes de diciembre 2015 (y seguramente tambi\u00e9n los siguientes meses).<\/p>\n<p>Cambio de fechas: esta vez el viernes no habr\u00e1 MadrEat, s\u00ed el s\u00e1bado y el domingo.<\/p>\n<p>Vida de Madrid os contar\u00e1 en esta pagina m\u00e1s cosas sobre esta nueva edici\u00f3n de MadrEat, la \u00faltima del 2015.<\/p>\n<p>Si no sab\u00e9is qu\u00e9 es <strong>MadrEat<\/strong>, os dejo <a href=\"http:\/\/www.vidademadrid.com\/es\/361\/madreat-octubre-2015-fotos\/\">mis fotos de octubre<\/a>.<\/p>\n<h2>Info<\/h2>\n<div id=\"info\"><strong>MadrEat diciembre 2015<\/strong><\/p>\n<ul>\n<li>Donde: Calle Principal de Provincias &#8211; Recinto ferial de la Casa de Campo, junto al Pabell\u00f3n de Ondarreta<\/li>\n<li>Fechas: 12-13 diciembre 2015<\/li>\n<li>Horarios: Sabado 12-22, Domingo 12-18<\/li>\n<li>Metro: Lago<\/li>\n<li><a href=\"http:\/\/www.madreat.org\/\" target=\"_blank\" rel=\"nofollow noopener noreferrer\">Web<\/a> &#8211; <a href=\"https:\/\/www.facebook.com\/pages\/MadrEat-Market\/1443940139192161?fref=ts\" target=\"_blank\" rel=\"noopener noreferrer\">Facebook<\/a> &#8211; <a href=\"http:\/\/twitter.com\/@MadrEATmarket\" target=\"_blank\" rel=\"noopener noreferrer\">Twitter<\/a> &#8211; <a href=\"https:\/\/www.instagram.com\/madreatmarket\/\" target=\"_blank\" rel=\"noopener noreferrer\">Instagram<\/a><\/li>\n<\/ul>\n<p>Mapa<br \/>\n<iframe loading=\"lazy\" style=\"border: 0;\" src=\"https:\/\/www.google.com\/maps\/embed?pb=!1m18!1m12!1m3!1d3037.777350530388!2d-3.7355027992365195!3d40.41378292128901!2m3!1f0!2f0!3f0!3m2!1i1024!2i768!4f13.1!3m3!1m2!1s0xd422807c5890b45%3A0xb5d19ca1a9ef1f06!2sCalle+Principal+de+Provincias%2C+13%2C+28011+Madrid!5e0!3m2!1ses!2ses!4v1449231110008\" width=\"715\" height=\"350\" frameborder=\"0\" allowfullscreen=\"allowfullscreen\"><\/iframe><\/p>\n<\/div>\n","protected":false},"excerpt":{"rendered":"<p>Ya hay nueva ubicaci\u00f3n y fechas! <\/p>\n","protected":false},"author":1,"featured_media":0,"comment_status":"open","ping_status":"open","sticky":false,"template":"","format":"standard","meta":{"footnotes":""},"categories":[11],"tags":[49,17],"class_list":{"0":"post-1245","1":"post","2":"type-post","3":"status-publish","4":"format-standard","6":"category-eventos-madrid","7":"tag-casa-de-campo","8":"tag-moncloa-aravaca-distrito-madrid"},"_links":{"self":[{"href":"https:\/\/www.vidademadrid.com\/es\/wp-json\/wp\/v2\/posts\/1245","targetHints":{"allow":["GET"]}}],"collection":[{"href":"https:\/\/www.vidademadrid.com\/es\/wp-json\/wp\/v2\/posts"}],"about":[{"href":"https:\/\/www.vidademadrid.com\/es\/wp-json\/wp\/v2\/types\/post"}],"author":[{"embeddable":true,"href":"https:\/\/www.vidademadrid.com\/es\/wp-json\/wp\/v2\/users\/1"}],"replies":[{"embeddable":true,"href":"https:\/\/www.vidademadrid.com\/es\/wp-json\/wp\/v2\/comments?post=1245"}],"version-history":[{"count":11,"href":"https:\/\/www.vidademadrid.com\/es\/wp-json\/wp\/v2\/posts\/1245\/revisions"}],"predecessor-version":[{"id":20128,"href":"https:\/\/www.vidademadrid.com\/es\/wp-json\/wp\/v2\/posts\/1245\/revisions\/20128"}],"wp:attachment":[{"href":"https:\/\/www.vidademadrid.com\/es\/wp-json\/wp\/v2\/media?parent=1245"}],"wp:term":[{"taxonomy":"category","embeddable":true,"href":"https:\/\/www.vidademadrid.com\/es\/wp-json\/wp\/v2\/categories?post=1245"},{"taxonomy":"post_tag","embeddable":true,"href":"https:\/\/www.vidademadrid.com\/es\/wp-json\/wp\/v2\/tags?post=1245"}],"curies":[{"name":"wp","href":"https:\/\/api.w.org\/{rel}","templated":true}]}}