{"id":12395,"date":"2019-04-05T21:36:34","date_gmt":"2019-04-05T19:36:34","guid":{"rendered":"http:\/\/www.vidademadrid.com\/es\/?p=12395"},"modified":"2020-02-14T13:01:00","modified_gmt":"2020-02-14T12:01:00","slug":"estaciones-bicimad-ciudad-lineal","status":"publish","type":"post","link":"https:\/\/www.vidademadrid.com\/es\/12395\/estaciones-bicimad-ciudad-lineal\/","title":{"rendered":"Las nuevas estaciones de BiciMad en Ciudad Lineal"},"content":{"rendered":"<p><strong>BiciMad<\/strong> salta la M-30 y llega por primera vez a<strong> Ciudad Lineal<\/strong>. A lo largo de este articulo explicaremos donde se han situado estas <strong>nuevas estaciones 2019<\/strong> y cu\u00e1ndo podr\u00e1n comenzar a ser utilizadas.<\/p>\n<p><a href=\"#a\">Situaci\u00f3n<\/a> &#8211; <a href=\"#b\">Fechas<\/a><br \/>\n<script async=\"\" src=\"\/\/pagead2.googlesyndication.com\/pagead\/js\/adsbygoogle.js\"><\/script> <!-- Vida vertical --> <ins class=\"adsbygoogle\" style=\"display:inline-block;width:300px;height:600px\" data-ad-client=\"ca-pub-7450064428034605\" data-ad-slot=\"7296098777\"><\/ins> <script> (adsbygoogle = window.adsbygoogle || []).push({}); <\/script><\/p>\n<h2 id=\"a\">Situaci\u00f3n de las paradas BiciMad en Ciudad Lineal<\/h2>\n<p><script async=\"\" src=\"\/\/pagead2.googlesyndication.com\/pagead\/js\/adsbygoogle.js\"><\/script> <!-- Vida 1 --> <ins class=\"adsbygoogle\" style=\"display:block\" data-ad-client=\"ca-pub-7450064428034605\" data-ad-slot=\"2284573579\" data-ad-format=\"auto\"><\/ins> <script> (adsbygoogle = window.adsbygoogle || []).push({}); <\/script>Las estaciones de <strong>bicicletas p\u00fablicas<\/strong> en el distrito de Ciudad Lineal se distribuir\u00e1n por dos barrios.<\/p>\n<p>La primera parada se posicionar\u00e1 en el <strong>barrio de Ventas<\/strong>, ubic\u00e1ndose en la Avenida Dacora. Es punto estrat\u00e9gico del barrio ya que se encuentra muy <strong>pr\u00f3xima a la calle Alcal\u00e1<\/strong>.<\/p>\n<p>La segunda estaci\u00f3n de BiciMad, que ser\u00e1 la n\u00famero 189, se ha establecido en el<strong> barrio de la Concepci\u00f3n<\/strong>, concretamente en la Avenida Donostiarra, a la altura de la calle Virgen de la Alegr\u00eda.<\/p>\n<h2 id=\"b\">Fecha de apertura de las paradas de BiciMad en Ciudad Lineal<\/h2>\n<p><script async=\"\" src=\"\/\/pagead2.googlesyndication.com\/pagead\/js\/adsbygoogle.js\"><\/script> <!-- Vida 2 --> <ins class=\"adsbygoogle\" style=\"display:inline-block;width:336px;height:280px\" data-ad-client=\"ca-pub-7450064428034605\" data-ad-slot=\"9336835571\"><\/ins> <script> (adsbygoogle = window.adsbygoogle || []).push({}); <\/script>Las dos nuevas estaciones 2019 en el <strong>distrito de Ciudad Lineal<\/strong> se han incluido dentro del plan de ampliaci\u00f3n de BiciMad que ha aprobado el Ayuntamiento de Madrid durante el mes de abril. Sin embargo, la&nbsp; obras de habilitaci\u00f3n tardaran ocho semanas por lo que las nuevas <strong>paradas de Ciudad Lineal en Ventas y Concepci\u00f3n<\/strong> comenzaran a funcionar en junio 2019.<\/p>\n<p><a href=\"http:\/\/www.vidademadrid.com\/es\/12381\/bicimad-nuevas-estaciones-2019\/\">Pincha aqu\u00ed para descubrir todas las novedades de la ampliaci\u00f3n 2019 de BiciMad.<\/a><\/p>\n<p><em>Foto: Vida de Madrid<\/em><\/p>\n","protected":false},"excerpt":{"rendered":"<p>BiciMad por fin cruza la M-30. En este art\u00edculo te contamos donde se encuentran las dos nuevas estaciones de Ciudad Lineal que se abrir\u00e1n en junio.<\/p>\n","protected":false},"author":4,"featured_media":12414,"comment_status":"open","ping_status":"open","sticky":false,"template":"","format":"standard","meta":{"footnotes":""},"categories":[23],"tags":[42,30],"class_list":{"0":"post-12395","1":"post","2":"type-post","3":"status-publish","4":"format-standard","5":"has-post-thumbnail","7":"category-transportes-huelgas-madrid","8":"tag-bicimad","9":"tag-ciudad-lineal"},"_links":{"self":[{"href":"https:\/\/www.vidademadrid.com\/es\/wp-json\/wp\/v2\/posts\/12395","targetHints":{"allow":["GET"]}}],"collection":[{"href":"https:\/\/www.vidademadrid.com\/es\/wp-json\/wp\/v2\/posts"}],"about":[{"href":"https:\/\/www.vidademadrid.com\/es\/wp-json\/wp\/v2\/types\/post"}],"author":[{"embeddable":true,"href":"https:\/\/www.vidademadrid.com\/es\/wp-json\/wp\/v2\/users\/4"}],"replies":[{"embeddable":true,"href":"https:\/\/www.vidademadrid.com\/es\/wp-json\/wp\/v2\/comments?post=12395"}],"version-history":[{"count":5,"href":"https:\/\/www.vidademadrid.com\/es\/wp-json\/wp\/v2\/posts\/12395\/revisions"}],"predecessor-version":[{"id":12415,"href":"https:\/\/www.vidademadrid.com\/es\/wp-json\/wp\/v2\/posts\/12395\/revisions\/12415"}],"wp:featuredmedia":[{"embeddable":true,"href":"https:\/\/www.vidademadrid.com\/es\/wp-json\/wp\/v2\/media\/12414"}],"wp:attachment":[{"href":"https:\/\/www.vidademadrid.com\/es\/wp-json\/wp\/v2\/media?parent=12395"}],"wp:term":[{"taxonomy":"category","embeddable":true,"href":"https:\/\/www.vidademadrid.com\/es\/wp-json\/wp\/v2\/categories?post=12395"},{"taxonomy":"post_tag","embeddable":true,"href":"https:\/\/www.vidademadrid.com\/es\/wp-json\/wp\/v2\/tags?post=12395"}],"curies":[{"name":"wp","href":"https:\/\/api.w.org\/{rel}","templated":true}]}}