{"id":11157,"date":"2018-10-21T22:07:37","date_gmt":"2018-10-21T20:07:37","guid":{"rendered":"http:\/\/www.vidademadrid.com\/es\/?p=11157"},"modified":"2018-10-21T22:07:37","modified_gmt":"2018-10-21T20:07:37","slug":"cafe-comercial","status":"publish","type":"post","link":"https:\/\/www.vidademadrid.com\/es\/11157\/cafe-comercial\/","title":{"rendered":"Caf\u00e9 Comercial: comida en el m\u00edtico local en la Glorieta de Bilbao en Madrid"},"content":{"rendered":"<p>Hoy os hablo de uno de los sitios m\u00e1s m\u00edticos de Madrid, el <strong>Caf\u00e9 Comercial<\/strong> (<a href=\"#fotos\">fotos<\/a> e <a href=\"#info\">info<\/a>), donde fui a comer hace unos d\u00edas.<\/p>\n<p>Este caf\u00e9 tiene <strong>una historia tan relevante<\/strong> que hasta tiene <a href=\"https:\/\/es.wikipedia.org\/wiki\/Caf%C3%A9_Comercial\" rel=\"noopener\" target=\"_blank\">su p\u00e1gina en Wikipedia<\/a>. Ah\u00ed aprend\u00ed que este simb\u00f3lico local de la glorieta de Bilbao fue fundado en 1887, siendo durante m\u00e1s de un siglo referencia para la vida cultural de Madrid (muchos escritores han pasado por aqu\u00ed). Caf\u00e9 Comercial cerr\u00f3 en 2015 y ha vuelto en marzo 2017 para su nueva etapa.<\/p>\n<p>Entramos en su <strong>elegante comedor<\/strong> para probar algunas de las especialidadES de la carta actual, con su propuesta de cocina de mercado y platos castizos con toques modernos.<\/p>\n<p>Empezamos de maravilla con uno de los platos m\u00e1s demandados de la casa: el <strong>salmorejo de tomate raft con jam\u00f3n ib\u00e9rico<\/strong>, delicioso y con textura perfecta.<\/p>\n<p>Seguimos con otro plato estrella: <strong>la ensaladilla \u201cEl Comercial\u201d<\/strong>, que me ha gustado much\u00edsimo. Ojo: es muy grande, nosotros pedimos media raci\u00f3n y es abundante, parece una raci\u00f3n normal.<\/p>\n<p>Nuestra comida sigue con las <strong>croquetas<\/strong> de la casa, hechas con leche de la Sierra madrile\u00f1a. Tienen de dos tipos: la -m\u00e1s cl\u00e1sica- de <strong>jam\u00f3n<\/strong> y -m\u00e1s original- de <strong>camarones<\/strong>. Las dos riqu\u00edsimas&#8230; y se puede pedir surtido para probar las dos versiones.<\/p>\n<p>Un rico ejemplo de su cocina castiza reinventada es su versi\u00f3n de los huevos rotos: <strong>Huevos de corral con camarones<\/strong> \u00a1Qu\u00e9 bueno!<\/p>\n<p>La carta es muy completa y para las pr\u00f3ximas visitas ya s\u00e9 que quiero probar el canel\u00f3n de rabo de toro, el mejill\u00f3n tigre, las albondiguillas de vaca vieja en salsa de azafr\u00e1n, las bravas con alioli de madro\u00f1o. el sapito de rape&#8230;<\/p>\n<p>Nosotros terminamos con uno de los nueve postres: <strong>Mousse de chocolate blanco con maracuy\u00e1 y flores<\/strong>. Otro acierto.<\/p>\n<p>Os dejo todas las fotos, la Stories y la info pr\u00e1ctica para organizar vuestra castiza visita a Caf\u00e9 Comercial.<\/p>\n<h2 id=\"fotos\">Las fotos de Caf\u00e9 Comercial<\/h2>\n<div id='gallery-1' class='gallery galleryid-11157 gallery-columns-1 gallery-size-full'><figure class='gallery-item'>\n\t\t\t<div class='gallery-icon portrait'>\n\t\t\t\t<img loading=\"lazy\" decoding=\"async\" width=\"715\" height=\"953\" src=\"https:\/\/www.vidademadrid.com\/es\/wp-content\/uploads\/2018\/10\/cafe-comercial-madrid-013.jpg\" class=\"attachment-full size-full\" alt=\"\" srcset=\"https:\/\/www.vidademadrid.com\/es\/wp-content\/uploads\/2018\/10\/cafe-comercial-madrid-013.jpg 715w, https:\/\/www.vidademadrid.com\/es\/wp-content\/uploads\/2018\/10\/cafe-comercial-madrid-013-225x300.jpg 225w\" sizes=\"auto, (max-width: 715px) 100vw, 715px\" \/>\n\t\t\t<\/div><\/figure><figure class='gallery-item'>\n\t\t\t<div class='gallery-icon portrait'>\n\t\t\t\t<img loading=\"lazy\" decoding=\"async\" width=\"715\" height=\"953\" src=\"https:\/\/www.vidademadrid.com\/es\/wp-content\/uploads\/2018\/10\/cafe-comercial-madrid-023.jpg\" class=\"attachment-full size-full\" alt=\"\" srcset=\"https:\/\/www.vidademadrid.com\/es\/wp-content\/uploads\/2018\/10\/cafe-comercial-madrid-023.jpg 715w, https:\/\/www.vidademadrid.com\/es\/wp-content\/uploads\/2018\/10\/cafe-comercial-madrid-023-225x300.jpg 225w\" sizes=\"auto, (max-width: 715px) 100vw, 715px\" \/>\n\t\t\t<\/div><\/figure><figure class='gallery-item'>\n\t\t\t<div class='gallery-icon portrait'>\n\t\t\t\t<img loading=\"lazy\" decoding=\"async\" width=\"715\" height=\"953\" src=\"https:\/\/www.vidademadrid.com\/es\/wp-content\/uploads\/2018\/10\/cafe-comercial-madrid-024.jpg\" class=\"attachment-full size-full\" alt=\"\" srcset=\"https:\/\/www.vidademadrid.com\/es\/wp-content\/uploads\/2018\/10\/cafe-comercial-madrid-024.jpg 715w, https:\/\/www.vidademadrid.com\/es\/wp-content\/uploads\/2018\/10\/cafe-comercial-madrid-024-225x300.jpg 225w\" sizes=\"auto, (max-width: 715px) 100vw, 715px\" \/>\n\t\t\t<\/div><\/figure><figure class='gallery-item'>\n\t\t\t<div class='gallery-icon landscape'>\n\t\t\t\t<img loading=\"lazy\" decoding=\"async\" width=\"715\" height=\"536\" src=\"https:\/\/www.vidademadrid.com\/es\/wp-content\/uploads\/2018\/10\/cafe-comercial-madrid-035.jpg\" class=\"attachment-full size-full\" alt=\"\" aria-describedby=\"gallery-1-11167\" srcset=\"https:\/\/www.vidademadrid.com\/es\/wp-content\/uploads\/2018\/10\/cafe-comercial-madrid-035.jpg 715w, https:\/\/www.vidademadrid.com\/es\/wp-content\/uploads\/2018\/10\/cafe-comercial-madrid-035-300x225.jpg 300w\" sizes=\"auto, (max-width: 715px) 100vw, 715px\" \/>\n\t\t\t<\/div>\n\t\t\t\t<figcaption class='wp-caption-text gallery-caption' id='gallery-1-11167'>\n\t\t\t\tAperitivo: queso y fuet\n\t\t\t\t<\/figcaption><\/figure><figure class='gallery-item'>\n\t\t\t<div class='gallery-icon portrait'>\n\t\t\t\t<img loading=\"lazy\" decoding=\"async\" width=\"715\" height=\"953\" src=\"https:\/\/www.vidademadrid.com\/es\/wp-content\/uploads\/2018\/10\/cafe-comercial-madrid-037.jpg\" class=\"attachment-full size-full\" alt=\"\" aria-describedby=\"gallery-1-11168\" srcset=\"https:\/\/www.vidademadrid.com\/es\/wp-content\/uploads\/2018\/10\/cafe-comercial-madrid-037.jpg 715w, https:\/\/www.vidademadrid.com\/es\/wp-content\/uploads\/2018\/10\/cafe-comercial-madrid-037-225x300.jpg 225w\" sizes=\"auto, (max-width: 715px) 100vw, 715px\" \/>\n\t\t\t<\/div>\n\t\t\t\t<figcaption class='wp-caption-text gallery-caption' id='gallery-1-11168'>\n\t\t\t\tPan\n\t\t\t\t<\/figcaption><\/figure><figure class='gallery-item'>\n\t\t\t<div class='gallery-icon portrait'>\n\t\t\t\t<img loading=\"lazy\" decoding=\"async\" width=\"715\" height=\"953\" src=\"https:\/\/www.vidademadrid.com\/es\/wp-content\/uploads\/2018\/10\/cafe-comercial-madrid-026.jpg\" class=\"attachment-full size-full\" alt=\"\" srcset=\"https:\/\/www.vidademadrid.com\/es\/wp-content\/uploads\/2018\/10\/cafe-comercial-madrid-026.jpg 715w, https:\/\/www.vidademadrid.com\/es\/wp-content\/uploads\/2018\/10\/cafe-comercial-madrid-026-225x300.jpg 225w\" sizes=\"auto, (max-width: 715px) 100vw, 715px\" \/>\n\t\t\t<\/div><\/figure><figure class='gallery-item'>\n\t\t\t<div class='gallery-icon portrait'>\n\t\t\t\t<img loading=\"lazy\" decoding=\"async\" width=\"715\" height=\"953\" src=\"https:\/\/www.vidademadrid.com\/es\/wp-content\/uploads\/2018\/10\/cafe-comercial-madrid-039.jpg\" class=\"attachment-full size-full\" alt=\"\" aria-describedby=\"gallery-1-11169\" srcset=\"https:\/\/www.vidademadrid.com\/es\/wp-content\/uploads\/2018\/10\/cafe-comercial-madrid-039.jpg 715w, https:\/\/www.vidademadrid.com\/es\/wp-content\/uploads\/2018\/10\/cafe-comercial-madrid-039-225x300.jpg 225w\" sizes=\"auto, (max-width: 715px) 100vw, 715px\" \/>\n\t\t\t<\/div>\n\t\t\t\t<figcaption class='wp-caption-text gallery-caption' id='gallery-1-11169'>\n\t\t\t\tSalmorejo de tomate raft con jam\u00f3n ib\u00e9rico (8,75\u20ac)\n\t\t\t\t<\/figcaption><\/figure><figure class='gallery-item'>\n\t\t\t<div class='gallery-icon landscape'>\n\t\t\t\t<img loading=\"lazy\" decoding=\"async\" width=\"715\" height=\"536\" src=\"https:\/\/www.vidademadrid.com\/es\/wp-content\/uploads\/2018\/10\/cafe-comercial-madrid-002.jpg\" class=\"attachment-full size-full\" alt=\"\" aria-describedby=\"gallery-1-11158\" srcset=\"https:\/\/www.vidademadrid.com\/es\/wp-content\/uploads\/2018\/10\/cafe-comercial-madrid-002.jpg 715w, https:\/\/www.vidademadrid.com\/es\/wp-content\/uploads\/2018\/10\/cafe-comercial-madrid-002-300x225.jpg 300w\" sizes=\"auto, (max-width: 715px) 100vw, 715px\" \/>\n\t\t\t<\/div>\n\t\t\t\t<figcaption class='wp-caption-text gallery-caption' id='gallery-1-11158'>\n\t\t\t\tSalmorejo de tomate raft con jam\u00f3n ib\u00e9rico (8,75\u20ac)\n\t\t\t\t<\/figcaption><\/figure><figure class='gallery-item'>\n\t\t\t<div class='gallery-icon landscape'>\n\t\t\t\t<img loading=\"lazy\" decoding=\"async\" width=\"715\" height=\"536\" src=\"https:\/\/www.vidademadrid.com\/es\/wp-content\/uploads\/2018\/10\/cafe-comercial-madrid-006.jpg\" class=\"attachment-full size-full\" alt=\"\" aria-describedby=\"gallery-1-11159\" srcset=\"https:\/\/www.vidademadrid.com\/es\/wp-content\/uploads\/2018\/10\/cafe-comercial-madrid-006.jpg 715w, https:\/\/www.vidademadrid.com\/es\/wp-content\/uploads\/2018\/10\/cafe-comercial-madrid-006-300x225.jpg 300w\" sizes=\"auto, (max-width: 715px) 100vw, 715px\" \/>\n\t\t\t<\/div>\n\t\t\t\t<figcaption class='wp-caption-text gallery-caption' id='gallery-1-11159'>\n\t\t\t\tMendia de Ensaladilla Cl\u00e1sica, \u00abEl Comercial\u00bb (6\u20ac)\n\t\t\t\t<\/figcaption><\/figure><figure class='gallery-item'>\n\t\t\t<div class='gallery-icon portrait'>\n\t\t\t\t<img loading=\"lazy\" decoding=\"async\" width=\"715\" height=\"953\" src=\"https:\/\/www.vidademadrid.com\/es\/wp-content\/uploads\/2018\/10\/cafe-comercial-madrid-041.jpg\" class=\"attachment-full size-full\" alt=\"\" aria-describedby=\"gallery-1-11170\" srcset=\"https:\/\/www.vidademadrid.com\/es\/wp-content\/uploads\/2018\/10\/cafe-comercial-madrid-041.jpg 715w, https:\/\/www.vidademadrid.com\/es\/wp-content\/uploads\/2018\/10\/cafe-comercial-madrid-041-225x300.jpg 225w\" sizes=\"auto, (max-width: 715px) 100vw, 715px\" \/>\n\t\t\t<\/div>\n\t\t\t\t<figcaption class='wp-caption-text gallery-caption' id='gallery-1-11170'>\n\t\t\t\tCroquetas con leche de la Sierra de Madrid (surtido, jam\u00f3n ib\u00e9rico de bellota y camarones al natural). 6 uds 11,50\u20ac, 3 uds 6,50\u20ac)\n\t\t\t\t<\/figcaption><\/figure><figure class='gallery-item'>\n\t\t\t<div class='gallery-icon portrait'>\n\t\t\t\t<img loading=\"lazy\" decoding=\"async\" width=\"715\" height=\"953\" src=\"https:\/\/www.vidademadrid.com\/es\/wp-content\/uploads\/2018\/10\/cafe-comercial-madrid-045.jpg\" class=\"attachment-full size-full\" alt=\"\" aria-describedby=\"gallery-1-11171\" srcset=\"https:\/\/www.vidademadrid.com\/es\/wp-content\/uploads\/2018\/10\/cafe-comercial-madrid-045.jpg 715w, https:\/\/www.vidademadrid.com\/es\/wp-content\/uploads\/2018\/10\/cafe-comercial-madrid-045-225x300.jpg 225w\" sizes=\"auto, (max-width: 715px) 100vw, 715px\" \/>\n\t\t\t<\/div>\n\t\t\t\t<figcaption class='wp-caption-text gallery-caption' id='gallery-1-11171'>\n\t\t\t\tHuevos de corral con camarones (15,50\u20ac)\n\t\t\t\t<\/figcaption><\/figure><figure class='gallery-item'>\n\t\t\t<div class='gallery-icon portrait'>\n\t\t\t\t<img loading=\"lazy\" decoding=\"async\" width=\"715\" height=\"953\" src=\"https:\/\/www.vidademadrid.com\/es\/wp-content\/uploads\/2018\/10\/cafe-comercial-madrid-047.jpg\" class=\"attachment-full size-full\" alt=\"\" aria-describedby=\"gallery-1-11172\" srcset=\"https:\/\/www.vidademadrid.com\/es\/wp-content\/uploads\/2018\/10\/cafe-comercial-madrid-047.jpg 715w, https:\/\/www.vidademadrid.com\/es\/wp-content\/uploads\/2018\/10\/cafe-comercial-madrid-047-225x300.jpg 225w\" sizes=\"auto, (max-width: 715px) 100vw, 715px\" \/>\n\t\t\t<\/div>\n\t\t\t\t<figcaption class='wp-caption-text gallery-caption' id='gallery-1-11172'>\n\t\t\t\tHuevos de corral con camarones (15,50\u20ac)\n\t\t\t\t<\/figcaption><\/figure><figure class='gallery-item'>\n\t\t\t<div class='gallery-icon portrait'>\n\t\t\t\t<img loading=\"lazy\" decoding=\"async\" width=\"715\" height=\"953\" src=\"https:\/\/www.vidademadrid.com\/es\/wp-content\/uploads\/2018\/10\/cafe-comercial-madrid-051.jpg\" class=\"attachment-full size-full\" alt=\"\" aria-describedby=\"gallery-1-11173\" srcset=\"https:\/\/www.vidademadrid.com\/es\/wp-content\/uploads\/2018\/10\/cafe-comercial-madrid-051.jpg 715w, https:\/\/www.vidademadrid.com\/es\/wp-content\/uploads\/2018\/10\/cafe-comercial-madrid-051-225x300.jpg 225w\" sizes=\"auto, (max-width: 715px) 100vw, 715px\" \/>\n\t\t\t<\/div>\n\t\t\t\t<figcaption class='wp-caption-text gallery-caption' id='gallery-1-11173'>\n\t\t\t\tMousse de chocolate blanco con maracuy\u00e1 y flores (6\u20ac)\n\t\t\t\t<\/figcaption><\/figure><figure class='gallery-item'>\n\t\t\t<div class='gallery-icon portrait'>\n\t\t\t\t<img loading=\"lazy\" decoding=\"async\" width=\"715\" height=\"953\" src=\"https:\/\/www.vidademadrid.com\/es\/wp-content\/uploads\/2018\/10\/cafe-comercial-madrid-052.jpg\" class=\"attachment-full size-full\" alt=\"\" aria-describedby=\"gallery-1-11174\" srcset=\"https:\/\/www.vidademadrid.com\/es\/wp-content\/uploads\/2018\/10\/cafe-comercial-madrid-052.jpg 715w, https:\/\/www.vidademadrid.com\/es\/wp-content\/uploads\/2018\/10\/cafe-comercial-madrid-052-225x300.jpg 225w\" sizes=\"auto, (max-width: 715px) 100vw, 715px\" \/>\n\t\t\t<\/div>\n\t\t\t\t<figcaption class='wp-caption-text gallery-caption' id='gallery-1-11174'>\n\t\t\t\tMini gin tonic \n\t\t\t\t<\/figcaption><\/figure><figure class='gallery-item'>\n\t\t\t<div class='gallery-icon portrait'>\n\t\t\t\t<img loading=\"lazy\" decoding=\"async\" width=\"715\" height=\"953\" src=\"https:\/\/www.vidademadrid.com\/es\/wp-content\/uploads\/2018\/10\/cafe-comercial-madrid-054.jpg\" class=\"attachment-full size-full\" alt=\"\" srcset=\"https:\/\/www.vidademadrid.com\/es\/wp-content\/uploads\/2018\/10\/cafe-comercial-madrid-054.jpg 715w, https:\/\/www.vidademadrid.com\/es\/wp-content\/uploads\/2018\/10\/cafe-comercial-madrid-054-225x300.jpg 225w\" sizes=\"auto, (max-width: 715px) 100vw, 715px\" \/>\n\t\t\t<\/div><\/figure><figure class='gallery-item'>\n\t\t\t<div class='gallery-icon landscape'>\n\t\t\t\t<img loading=\"lazy\" decoding=\"async\" width=\"715\" height=\"536\" src=\"https:\/\/www.vidademadrid.com\/es\/wp-content\/uploads\/2018\/10\/cafe-comercial-madrid-021.jpg\" class=\"attachment-full size-full\" alt=\"\" srcset=\"https:\/\/www.vidademadrid.com\/es\/wp-content\/uploads\/2018\/10\/cafe-comercial-madrid-021.jpg 715w, https:\/\/www.vidademadrid.com\/es\/wp-content\/uploads\/2018\/10\/cafe-comercial-madrid-021-300x225.jpg 300w\" sizes=\"auto, (max-width: 715px) 100vw, 715px\" \/>\n\t\t\t<\/div><\/figure><figure class='gallery-item'>\n\t\t\t<div class='gallery-icon landscape'>\n\t\t\t\t<img loading=\"lazy\" decoding=\"async\" width=\"715\" height=\"536\" src=\"https:\/\/www.vidademadrid.com\/es\/wp-content\/uploads\/2018\/10\/cafe-comercial-madrid-055.jpg\" class=\"attachment-full size-full\" alt=\"\" srcset=\"https:\/\/www.vidademadrid.com\/es\/wp-content\/uploads\/2018\/10\/cafe-comercial-madrid-055.jpg 715w, https:\/\/www.vidademadrid.com\/es\/wp-content\/uploads\/2018\/10\/cafe-comercial-madrid-055-300x225.jpg 300w\" sizes=\"auto, (max-width: 715px) 100vw, 715px\" \/>\n\t\t\t<\/div><\/figure><figure class='gallery-item'>\n\t\t\t<div class='gallery-icon landscape'>\n\t\t\t\t<img loading=\"lazy\" decoding=\"async\" width=\"715\" height=\"536\" src=\"https:\/\/www.vidademadrid.com\/es\/wp-content\/uploads\/2018\/10\/cafe-comercial-madrid-016.jpg\" class=\"attachment-full size-full\" alt=\"\" srcset=\"https:\/\/www.vidademadrid.com\/es\/wp-content\/uploads\/2018\/10\/cafe-comercial-madrid-016.jpg 715w, https:\/\/www.vidademadrid.com\/es\/wp-content\/uploads\/2018\/10\/cafe-comercial-madrid-016-300x225.jpg 300w\" sizes=\"auto, (max-width: 715px) 100vw, 715px\" \/>\n\t\t\t<\/div><\/figure><figure class='gallery-item'>\n\t\t\t<div class='gallery-icon landscape'>\n\t\t\t\t<img loading=\"lazy\" decoding=\"async\" width=\"715\" height=\"536\" src=\"https:\/\/www.vidademadrid.com\/es\/wp-content\/uploads\/2018\/10\/cafe-comercial-madrid-011.jpg\" class=\"attachment-full size-full\" alt=\"\" srcset=\"https:\/\/www.vidademadrid.com\/es\/wp-content\/uploads\/2018\/10\/cafe-comercial-madrid-011.jpg 715w, https:\/\/www.vidademadrid.com\/es\/wp-content\/uploads\/2018\/10\/cafe-comercial-madrid-011-300x225.jpg 300w\" sizes=\"auto, (max-width: 715px) 100vw, 715px\" \/>\n\t\t\t<\/div><\/figure>\n\t\t<\/div>\n\n<h2>S\u00edgueme en Instagram para m\u00e1s fotos \u00aben directo\u00bb como esta<\/h2>\n<p><a href=\"https:\/\/www.instagram.com\/stories\/highlights\/17970026596109509\/\" target=\"_blank\">(Y pincha aqu\u00ed para ver todas las Stories que publiqu\u00e9 en directo)<\/a><\/p>\n<blockquote class=\"instagram-media\" data-instgrm-captioned data-instgrm-permalink=\"https:\/\/www.instagram.com\/p\/BobzymiAvh_\/?utm_source=ig_embed&amp;utm_medium=loading\" data-instgrm-version=\"12\" style=\" background:#FFF; border:0; border-radius:3px; box-shadow:0 0 1px 0 rgba(0,0,0,0.5),0 1px 10px 0 rgba(0,0,0,0.15); margin: 1px; max-width:540px; min-width:326px; padding:0; width:99.375%; width:-webkit-calc(100% - 2px); width:calc(100% - 2px);\">\n<div style=\"padding:16px;\"> <a href=\"https:\/\/www.instagram.com\/p\/BobzymiAvh_\/?utm_source=ig_embed&amp;utm_medium=loading\" style=\" background:#FFFFFF; line-height:0; padding:0 0; text-align:center; text-decoration:none; width:100%;\" target=\"_blank\"> <\/p>\n<div style=\" display: flex; flex-direction: row; align-items: center;\">\n<div style=\"background-color: #F4F4F4; border-radius: 50%; flex-grow: 0; height: 40px; margin-right: 14px; width: 40px;\"><\/div>\n<div style=\"display: flex; flex-direction: column; flex-grow: 1; justify-content: center;\">\n<div style=\" background-color: #F4F4F4; border-radius: 4px; flex-grow: 0; height: 14px; margin-bottom: 6px; width: 100px;\"><\/div>\n<div style=\" background-color: #F4F4F4; border-radius: 4px; flex-grow: 0; height: 14px; width: 60px;\"><\/div>\n<\/div>\n<\/div>\n<div style=\"padding: 19% 0;\"><\/div>\n<div style=\"display:block; height:50px; margin:0 auto 12px; width:50px;\"><svg width=\"50px\" height=\"50px\" viewBox=\"0 0 60 60\" version=\"1.1\" xmlns=\"https:\/\/www.w3.org\/2000\/svg\" xmlns:xlink=\"https:\/\/www.w3.org\/1999\/xlink\"><g stroke=\"none\" stroke-width=\"1\" fill=\"none\" fill-rule=\"evenodd\"><g transform=\"translate(-511.000000, -20.000000)\" fill=\"#000000\"><g><path d=\"M556.869,30.41 C554.814,30.41 553.148,32.076 553.148,34.131 C553.148,36.186 554.814,37.852 556.869,37.852 C558.924,37.852 560.59,36.186 560.59,34.131 C560.59,32.076 558.924,30.41 556.869,30.41 M541,60.657 C535.114,60.657 530.342,55.887 530.342,50 C530.342,44.114 535.114,39.342 541,39.342 C546.887,39.342 551.658,44.114 551.658,50 C551.658,55.887 546.887,60.657 541,60.657 M541,33.886 C532.1,33.886 524.886,41.1 524.886,50 C524.886,58.899 532.1,66.113 541,66.113 C549.9,66.113 557.115,58.899 557.115,50 C557.115,41.1 549.9,33.886 541,33.886 M565.378,62.101 C565.244,65.022 564.756,66.606 564.346,67.663 C563.803,69.06 563.154,70.057 562.106,71.106 C561.058,72.155 560.06,72.803 558.662,73.347 C557.607,73.757 556.021,74.244 553.102,74.378 C549.944,74.521 548.997,74.552 541,74.552 C533.003,74.552 532.056,74.521 528.898,74.378 C525.979,74.244 524.393,73.757 523.338,73.347 C521.94,72.803 520.942,72.155 519.894,71.106 C518.846,70.057 518.197,69.06 517.654,67.663 C517.244,66.606 516.755,65.022 516.623,62.101 C516.479,58.943 516.448,57.996 516.448,50 C516.448,42.003 516.479,41.056 516.623,37.899 C516.755,34.978 517.244,33.391 517.654,32.338 C518.197,30.938 518.846,29.942 519.894,28.894 C520.942,27.846 521.94,27.196 523.338,26.654 C524.393,26.244 525.979,25.756 528.898,25.623 C532.057,25.479 533.004,25.448 541,25.448 C548.997,25.448 549.943,25.479 553.102,25.623 C556.021,25.756 557.607,26.244 558.662,26.654 C560.06,27.196 561.058,27.846 562.106,28.894 C563.154,29.942 563.803,30.938 564.346,32.338 C564.756,33.391 565.244,34.978 565.378,37.899 C565.522,41.056 565.552,42.003 565.552,50 C565.552,57.996 565.522,58.943 565.378,62.101 M570.82,37.631 C570.674,34.438 570.167,32.258 569.425,30.349 C568.659,28.377 567.633,26.702 565.965,25.035 C564.297,23.368 562.623,22.342 560.652,21.575 C558.743,20.834 556.562,20.326 553.369,20.18 C550.169,20.033 549.148,20 541,20 C532.853,20 531.831,20.033 528.631,20.18 C525.438,20.326 523.257,20.834 521.349,21.575 C519.376,22.342 517.703,23.368 516.035,25.035 C514.368,26.702 513.342,28.377 512.574,30.349 C511.834,32.258 511.326,34.438 511.181,37.631 C511.035,40.831 511,41.851 511,50 C511,58.147 511.035,59.17 511.181,62.369 C511.326,65.562 511.834,67.743 512.574,69.651 C513.342,71.625 514.368,73.296 516.035,74.965 C517.703,76.634 519.376,77.658 521.349,78.425 C523.257,79.167 525.438,79.673 528.631,79.82 C531.831,79.965 532.853,80.001 541,80.001 C549.148,80.001 550.169,79.965 553.369,79.82 C556.562,79.673 558.743,79.167 560.652,78.425 C562.623,77.658 564.297,76.634 565.965,74.965 C567.633,73.296 568.659,71.625 569.425,69.651 C570.167,67.743 570.674,65.562 570.82,62.369 C570.966,59.17 571,58.147 571,50 C571,41.851 570.966,40.831 570.82,37.631\"><\/path><\/g><\/g><\/g><\/svg><\/div>\n<div style=\"padding-top: 8px;\">\n<div style=\" color:#3897f0; font-family:Arial,sans-serif; font-size:14px; font-style:normal; font-weight:550; line-height:18px;\"> Visualizza questo post su Instagram<\/div>\n<\/div>\n<div style=\"padding: 12.5% 0;\"><\/div>\n<div style=\"display: flex; flex-direction: row; margin-bottom: 14px; align-items: center;\">\n<div>\n<div style=\"background-color: #F4F4F4; border-radius: 50%; height: 12.5px; width: 12.5px; transform: translateX(0px) translateY(7px);\"><\/div>\n<div style=\"background-color: #F4F4F4; height: 12.5px; transform: rotate(-45deg) translateX(3px) translateY(1px); width: 12.5px; flex-grow: 0; margin-right: 14px; margin-left: 2px;\"><\/div>\n<div style=\"background-color: #F4F4F4; border-radius: 50%; height: 12.5px; width: 12.5px; transform: translateX(9px) translateY(-18px);\"><\/div>\n<\/div>\n<div style=\"margin-left: 8px;\">\n<div style=\" background-color: #F4F4F4; border-radius: 50%; flex-grow: 0; height: 20px; width: 20px;\"><\/div>\n<div style=\" width: 0; height: 0; border-top: 2px solid transparent; border-left: 6px solid #f4f4f4; border-bottom: 2px solid transparent; transform: translateX(16px) translateY(-4px) rotate(30deg)\"><\/div>\n<\/div>\n<div style=\"margin-left: auto;\">\n<div style=\" width: 0px; border-top: 8px solid #F4F4F4; border-right: 8px solid transparent; transform: translateY(16px);\"><\/div>\n<div style=\" background-color: #F4F4F4; flex-grow: 0; height: 12px; width: 16px; transform: translateY(-4px);\"><\/div>\n<div style=\" width: 0; height: 0; border-top: 8px solid #F4F4F4; border-left: 8px solid transparent; transform: translateY(-4px) translateX(8px);\"><\/div>\n<\/div>\n<\/div>\n<p><\/a> <\/p>\n<p style=\" margin:8px 0 0 0; padding:0 4px;\"> <a href=\"https:\/\/www.instagram.com\/p\/BobzymiAvh_\/?utm_source=ig_embed&amp;utm_medium=loading\" style=\" color:#000; font-family:Arial,sans-serif; font-size:14px; font-style:normal; font-weight:normal; line-height:17px; text-decoration:none; word-wrap:break-word;\" target=\"_blank\">Vida de Caf\u00e9 Comercial &#8211; Hoy comiendo en uno de los sitios hist\u00f3ricos de la &#34;vida de Madrid&#34; (lo pone en la placa de la foto 5). Comida muy rica y muy castiza, pod\u00e9is ver todo en Stories y pronto en vidademadrid.com #madrid @cafecomercial #cafecomercial #bilbaomadrid #metrobilbao #comida #lunch #castizo #espa\u00f1ol #espa\u00f1a #bar #restaurante<\/a><\/p>\n<p style=\" color:#c9c8cd; font-family:Arial,sans-serif; font-size:14px; line-height:17px; margin-bottom:0; margin-top:8px; overflow:hidden; padding:8px 0 7px; text-align:center; text-overflow:ellipsis; white-space:nowrap;\">Un post condiviso da <a href=\"https:\/\/www.instagram.com\/vidademadrid\/?utm_source=ig_embed&amp;utm_medium=loading\" style=\" color:#c9c8cd; font-family:Arial,sans-serif; font-size:14px; font-style:normal; font-weight:normal; line-height:17px;\" target=\"_blank\"> Vida de Madrid<\/a> (@vidademadrid) in data: <time style=\" font-family:Arial,sans-serif; font-size:14px; line-height:17px;\" datetime=\"2018-10-02T14:44:03+00:00\">Ott 2, 2018 at 7:44 PDT<\/time><\/p>\n<\/div>\n<\/blockquote>\n<p> <script async defer src=\"\/\/www.instagram.com\/embed.js\"><\/script><\/p>\n<div id=\"info\">\n<strong>Caf\u00e9 Comercial<\/strong><\/p>\n<ul>\n<li>Direcci\u00f3n: Glorieta de Bilbao, 7, 28004 Madrid<\/li>\n<li>Metro: Bilbao<\/li>\n<li>Tel\u00e9fono: 910 88 25 25<\/li>\n<li><a href=\"http:\/\/cafecomercialmadrid.com\/\" target=\"_blank\" rel=\"nofollow\">Web<\/a> &#8211; <a href=\"https:\/\/www.facebook.com\/cafecomercialmadrid\" target=\"_blank\">Facebook<\/a> &#8211; <a href=\"https:\/\/www.instagram.com\/cafecomercial\" target=\"_blank\">Instagram<\/a><\/li>\n<\/ul>\n<p>Mapa<br \/>\n<iframe loading=\"lazy\" style=\"border: 0;\" src=\"https:\/\/www.google.com\/maps\/embed?pb=!1m14!1m8!1m3!1d12148.412796305827!2d-3.7019997!3d40.4287137!3m2!1i1024!2i768!4f13.1!3m3!1m2!1s0x0%3A0xc40a8fd5d88d281e!2sCaf%C3%A9+Comercial!5e0!3m2!1ses!2ses!4v1538510101720\" width=\"715\" height=\"350\" frameborder=\"0\" allowfullscreen=\"allowfullscreen\"><\/iframe><\/p>\n<\/div>\n","protected":false},"excerpt":{"rendered":"<p>Os cuento mi comida en Caf\u00e9 Comercial, m\u00edtico local en la Glorieta de Bilbao de Madrid. Carta, precios, foto y rese\u00f1a del restaurante<\/p>\n","protected":false},"author":1,"featured_media":11177,"comment_status":"open","ping_status":"open","sticky":false,"template":"","format":"standard","meta":{"footnotes":""},"categories":[2],"tags":[10],"class_list":{"0":"post-11157","1":"post","2":"type-post","3":"status-publish","4":"format-standard","5":"has-post-thumbnail","7":"category-restaurantes-planes-foodie-madrid","8":"tag-chamberi-madrid"},"_links":{"self":[{"href":"https:\/\/www.vidademadrid.com\/es\/wp-json\/wp\/v2\/posts\/11157","targetHints":{"allow":["GET"]}}],"collection":[{"href":"https:\/\/www.vidademadrid.com\/es\/wp-json\/wp\/v2\/posts"}],"about":[{"href":"https:\/\/www.vidademadrid.com\/es\/wp-json\/wp\/v2\/types\/post"}],"author":[{"embeddable":true,"href":"https:\/\/www.vidademadrid.com\/es\/wp-json\/wp\/v2\/users\/1"}],"replies":[{"embeddable":true,"href":"https:\/\/www.vidademadrid.com\/es\/wp-json\/wp\/v2\/comments?post=11157"}],"version-history":[{"count":7,"href":"https:\/\/www.vidademadrid.com\/es\/wp-json\/wp\/v2\/posts\/11157\/revisions"}],"predecessor-version":[{"id":11450,"href":"https:\/\/www.vidademadrid.com\/es\/wp-json\/wp\/v2\/posts\/11157\/revisions\/11450"}],"wp:featuredmedia":[{"embeddable":true,"href":"https:\/\/www.vidademadrid.com\/es\/wp-json\/wp\/v2\/media\/11177"}],"wp:attachment":[{"href":"https:\/\/www.vidademadrid.com\/es\/wp-json\/wp\/v2\/media?parent=11157"}],"wp:term":[{"taxonomy":"category","embeddable":true,"href":"https:\/\/www.vidademadrid.com\/es\/wp-json\/wp\/v2\/categories?post=11157"},{"taxonomy":"post_tag","embeddable":true,"href":"https:\/\/www.vidademadrid.com\/es\/wp-json\/wp\/v2\/tags?post=11157"}],"curies":[{"name":"wp","href":"https:\/\/api.w.org\/{rel}","templated":true}]}}