{"id":11138,"date":"2018-09-30T19:30:17","date_gmt":"2018-09-30T17:30:17","guid":{"rendered":"http:\/\/www.vidademadrid.com\/es\/?p=11138"},"modified":"2020-04-01T13:09:37","modified_gmt":"2020-04-01T11:09:37","slug":"metro-vicente-aleixandre-madrid","status":"publish","type":"post","link":"https:\/\/www.vidademadrid.com\/es\/11138\/metro-vicente-aleixandre-madrid\/","title":{"rendered":"Metro Vicente Aleixandre: nuevo nombre estaci\u00f3n Metropolitano en Madrid"},"content":{"rendered":"<p>\u00a1Ya es oficial! <strong>Metro Vicente Aleixandre<\/strong> es la gran novedad de Metro Madrid. As\u00ed se pasar\u00e1 a llamar, en noviembre 2018, una estaci\u00f3n del Metro madrile\u00f1o.<\/p>\n<p>Sigue leyendo para descubrir todos los detalles.<\/p>\n<p><a href=\"#a\">Nuevo nombre<\/a> &#8211; <a href=\"#b\">Qui\u00e9n es<\/a> <script async src=\"\/\/pagead2.googlesyndication.com\/pagead\/js\/adsbygoogle.js\"><\/script> <!-- Vida vertical --> <ins class=\"adsbygoogle\" style=\"display:inline-block;width:300px;height:600px\" data-ad-client=\"ca-pub-7450064428034605\" data-ad-slot=\"7296098777\"><\/ins> <script> (adsbygoogle = window.adsbygoogle || []).push({}); <\/script> <\/p>\n<h2 id=\"a\">Nuevo nombre<\/h2>\n<p> <script async src=\"\/\/pagead2.googlesyndication.com\/pagead\/js\/adsbygoogle.js\"><\/script> <!-- Vida 1 --> <ins class=\"adsbygoogle\" style=\"display:block\" data-ad-client=\"ca-pub-7450064428034605\" data-ad-slot=\"2284573579\" data-ad-format=\"auto\"><\/ins> <script> (adsbygoogle = window.adsbygoogle || []).push({}); <\/script> <\/p>\n<p>La noticia -que ya circulaba- ha sido publicada con m\u00e1s detalles en La Raz\u00f3n y hoy confirmada a trav\u00e9s de un retweet de @metro_madrid: la estaci\u00f3n de metro que se llama <strong>Metropolitano de la l\u00ednea 6<\/strong> pasar\u00e1 a llamarse <strong>Vicente Aleixandre<\/strong>, para que no se genere confusi\u00f3n con la reci\u00e9n nacida parada <strong>Estadio Metropolitano<\/strong> (l\u00ednea 7, en San Blas-Canillejas, estaci\u00f3n del estadio del Atleti, el Wanda Metropolitano).<br \/>\nLa estaci\u00f3n est\u00e1 ubicada en el limite entre los distritos Chamber\u00ed y Moncloa-Aravaca, en Av. Gregorio del Amo con Juan XXIII, y fue inaugurada el 13 de enero de 1987 con el nombre \u00abColonia del Metropolitano\u00bb<\/p>\n<h2 id=\"b\">Qui\u00e9n es<\/h2>\n<p> <script async src=\"\/\/pagead2.googlesyndication.com\/pagead\/js\/adsbygoogle.js\"><\/script> <!-- Vida 2 --> <ins class=\"adsbygoogle\" style=\"display:inline-block;width:336px;height:280px\" data-ad-client=\"ca-pub-7450064428034605\" data-ad-slot=\"9336835571\"><\/ins> <script> (adsbygoogle = window.adsbygoogle || []).push({}); <\/script> <\/p>\n<p>Vicente Aleixandre, poeta espa\u00f1ol de la Generaci\u00f3n del 27, obtuvo el Premio Nobel de Literatura en 1977. La calle donde vivi\u00f3, en el distrito de Chamber\u00ed y al lado de la parada Metropolitano, est\u00e1 intitulada a \u00e9l. Por eso, la decisi\u00f3n de Metro Madrid ha sido la de llamar la estaci\u00f3n con el nombre del ilustre vecino.<\/p>\n<div id='gallery-1' class='gallery galleryid-11138 gallery-columns-1 gallery-size-full'><figure class='gallery-item'>\n\t\t\t<div class='gallery-icon portrait'>\n\t\t\t\t<img loading=\"lazy\" decoding=\"async\" width=\"715\" height=\"953\" src=\"https:\/\/www.vidademadrid.com\/es\/wp-content\/uploads\/2018\/09\/007.jpg\" class=\"attachment-full size-full\" alt=\"\" srcset=\"https:\/\/www.vidademadrid.com\/es\/wp-content\/uploads\/2018\/09\/007.jpg 715w, https:\/\/www.vidademadrid.com\/es\/wp-content\/uploads\/2018\/09\/007-225x300.jpg 225w\" sizes=\"auto, (max-width: 715px) 100vw, 715px\" \/>\n\t\t\t<\/div><\/figure><figure class='gallery-item'>\n\t\t\t<div class='gallery-icon portrait'>\n\t\t\t\t<img loading=\"lazy\" decoding=\"async\" width=\"715\" height=\"953\" src=\"https:\/\/www.vidademadrid.com\/es\/wp-content\/uploads\/2018\/09\/002.jpg\" class=\"attachment-full size-full\" alt=\"\" srcset=\"https:\/\/www.vidademadrid.com\/es\/wp-content\/uploads\/2018\/09\/002.jpg 715w, https:\/\/www.vidademadrid.com\/es\/wp-content\/uploads\/2018\/09\/002-225x300.jpg 225w\" sizes=\"auto, (max-width: 715px) 100vw, 715px\" \/>\n\t\t\t<\/div><\/figure><figure class='gallery-item'>\n\t\t\t<div class='gallery-icon landscape'>\n\t\t\t\t<img loading=\"lazy\" decoding=\"async\" width=\"715\" height=\"536\" src=\"https:\/\/www.vidademadrid.com\/es\/wp-content\/uploads\/2018\/09\/003.jpg\" class=\"attachment-full size-full\" alt=\"\" srcset=\"https:\/\/www.vidademadrid.com\/es\/wp-content\/uploads\/2018\/09\/003.jpg 715w, https:\/\/www.vidademadrid.com\/es\/wp-content\/uploads\/2018\/09\/003-300x225.jpg 300w\" sizes=\"auto, (max-width: 715px) 100vw, 715px\" \/>\n\t\t\t<\/div><\/figure><figure class='gallery-item'>\n\t\t\t<div class='gallery-icon landscape'>\n\t\t\t\t<img loading=\"lazy\" decoding=\"async\" width=\"715\" height=\"536\" src=\"https:\/\/www.vidademadrid.com\/es\/wp-content\/uploads\/2018\/09\/005.jpg\" class=\"attachment-full size-full\" alt=\"\" srcset=\"https:\/\/www.vidademadrid.com\/es\/wp-content\/uploads\/2018\/09\/005.jpg 715w, https:\/\/www.vidademadrid.com\/es\/wp-content\/uploads\/2018\/09\/005-300x225.jpg 300w\" sizes=\"auto, (max-width: 715px) 100vw, 715px\" \/>\n\t\t\t<\/div><\/figure>\n\t\t<\/div>\n\n<p>Fotos: Vida de Madrid<\/p>\n","protected":false},"excerpt":{"rendered":"<p>Vicente Aleixandre, poeta espa\u00f1ol de la Generaci\u00f3n del 27, obtuvo el Premio Nobel de Literatura en 1977. Vivi\u00f3 al lado de la actual estaci\u00f3n Metropolitano<\/p>\n","protected":false},"author":1,"featured_media":11139,"comment_status":"open","ping_status":"open","sticky":false,"template":"","format":"standard","meta":{"footnotes":""},"categories":[23],"tags":[10,74,17],"class_list":{"0":"post-11138","1":"post","2":"type-post","3":"status-publish","4":"format-standard","5":"has-post-thumbnail","7":"category-transportes-huelgas-madrid","8":"tag-chamberi-madrid","9":"tag-metro-de-madrid","10":"tag-moncloa-aravaca-distrito-madrid"},"_links":{"self":[{"href":"https:\/\/www.vidademadrid.com\/es\/wp-json\/wp\/v2\/posts\/11138","targetHints":{"allow":["GET"]}}],"collection":[{"href":"https:\/\/www.vidademadrid.com\/es\/wp-json\/wp\/v2\/posts"}],"about":[{"href":"https:\/\/www.vidademadrid.com\/es\/wp-json\/wp\/v2\/types\/post"}],"author":[{"embeddable":true,"href":"https:\/\/www.vidademadrid.com\/es\/wp-json\/wp\/v2\/users\/1"}],"replies":[{"embeddable":true,"href":"https:\/\/www.vidademadrid.com\/es\/wp-json\/wp\/v2\/comments?post=11138"}],"version-history":[{"count":4,"href":"https:\/\/www.vidademadrid.com\/es\/wp-json\/wp\/v2\/posts\/11138\/revisions"}],"predecessor-version":[{"id":11147,"href":"https:\/\/www.vidademadrid.com\/es\/wp-json\/wp\/v2\/posts\/11138\/revisions\/11147"}],"wp:featuredmedia":[{"embeddable":true,"href":"https:\/\/www.vidademadrid.com\/es\/wp-json\/wp\/v2\/media\/11139"}],"wp:attachment":[{"href":"https:\/\/www.vidademadrid.com\/es\/wp-json\/wp\/v2\/media?parent=11138"}],"wp:term":[{"taxonomy":"category","embeddable":true,"href":"https:\/\/www.vidademadrid.com\/es\/wp-json\/wp\/v2\/categories?post=11138"},{"taxonomy":"post_tag","embeddable":true,"href":"https:\/\/www.vidademadrid.com\/es\/wp-json\/wp\/v2\/tags?post=11138"}],"curies":[{"name":"wp","href":"https:\/\/api.w.org\/{rel}","templated":true}]}}