{"id":1058,"date":"2015-11-24T10:17:03","date_gmt":"2015-11-24T09:17:03","guid":{"rendered":"http:\/\/www.vidademadrid.com\/es\/?p=1058"},"modified":"2015-11-24T11:08:59","modified_gmt":"2015-11-24T10:08:59","slug":"richard-gere-y-la-novia-alejandra-silva-fotos-madrid","status":"publish","type":"post","link":"https:\/\/www.vidademadrid.com\/es\/1058\/richard-gere-y-la-novia-alejandra-silva-fotos-madrid\/","title":{"rendered":"Richard Gere (y la novia Alejandra Silva) en Madrid, las fotos de la premiere de Invisibles"},"content":{"rendered":"<p>Ayer en los <strong>Callao City Lights<\/strong> tuvo lugar la alfombra roja de Invisbles, la nueva pel\u00edcula con <strong>Richard Gere<\/strong>. El actor americano estaba ayer en Madrid, y pos\u00f3 por primera vez en publico con su novia, la joven gallega <strong>Alejandra Silva<\/strong>.<\/p>\n<p>Vida de Madrid tambi\u00e9n estaba all\u00ed, os dejo todas mis fotos del evento, y m\u00e1s im\u00e1genes de Richard Gere y Alejandra Silva en la alfombra roja de los cines de Callao.<\/p>\n<p>Entre las famosas espa\u00f1olas que acudieron a la premiere, estaban <strong>Celia Freijeiro y Eva Marciel<\/strong>.<\/p>\n<p>Richard Gere se par\u00f3 para hacerse fotos y firmar aut\u00f3grafos a la decenas de personas que esperaban gritando \u00ab\u00a1Richard, Richard!\u00bb.<\/p>\n<p>Importante, todo ten\u00eda su fin ben\u00e9fico:<\/p>\n<blockquote class=\"twitter-tweet\" lang=\"es\">\n<p dir=\"ltr\" lang=\"es\">Colabora con nosotros con un SMS, es s\u00f3lo 1,20\u20ac. Env\u00eda HOGAR al 28014. <a href=\"https:\/\/twitter.com\/hashtag\/personasdecart%C3%B3n?src=hash\">#personasdecart\u00f3n<\/a> <a href=\"https:\/\/t.co\/mZBSFCn2mR\">pic.twitter.com\/mZBSFCn2mR<\/a><\/p>\n<p>\u2014 RAISFundacion (@RAISFundacion) <a href=\"https:\/\/twitter.com\/RAISFundacion\/status\/667356201672433664\">noviembre 19, 2015<\/a><\/p><\/blockquote>\n<p><script src=\"\/\/platform.twitter.com\/widgets.js\" async=\"\" charset=\"utf-8\"><\/script><\/p>\n<blockquote class=\"twitter-tweet\" lang=\"es\"><p>\n<a href=\"https:\/\/twitter.com\/hashtag\/personasdecarton?src=hash\">#personasdecarton<\/a> <a href=\"https:\/\/t.co\/uYgEEY3SGx\">pic.twitter.com\/uYgEEY3SGx<\/a><\/p>\n<p>\u2014 OscarLMaderuelo (@OscarLMaderuelo) <a href=\"https:\/\/twitter.com\/OscarLMaderuelo\/status\/668889779099029505\">noviembre 23, 2015<\/a>\n<\/p><\/blockquote>\n<p><script src=\"\/\/platform.twitter.com\/widgets.js\" async=\"\" charset=\"utf-8\"><\/script><\/p>\n<h2>Las fotos de Richard Gere en Callao<\/h2>\n<div id='gallery-1' class='gallery galleryid-1058 gallery-columns-1 gallery-size-full'><figure class='gallery-item'>\n\t\t\t<div class='gallery-icon landscape'>\n\t\t\t\t<img loading=\"lazy\" decoding=\"async\" width=\"715\" height=\"402\" src=\"https:\/\/www.vidademadrid.com\/es\/wp-content\/uploads\/2015\/11\/richard-gere-madrid-45.jpg\" class=\"attachment-full size-full\" alt=\"\" srcset=\"https:\/\/www.vidademadrid.com\/es\/wp-content\/uploads\/2015\/11\/richard-gere-madrid-45.jpg 715w, https:\/\/www.vidademadrid.com\/es\/wp-content\/uploads\/2015\/11\/richard-gere-madrid-45-300x169.jpg 300w\" sizes=\"auto, (max-width: 715px) 100vw, 715px\" \/>\n\t\t\t<\/div><\/figure><figure class='gallery-item'>\n\t\t\t<div class='gallery-icon landscape'>\n\t\t\t\t<img loading=\"lazy\" decoding=\"async\" width=\"715\" height=\"529\" src=\"https:\/\/www.vidademadrid.com\/es\/wp-content\/uploads\/2015\/11\/richard-gere-madrid-46.jpg\" class=\"attachment-full size-full\" alt=\"\" srcset=\"https:\/\/www.vidademadrid.com\/es\/wp-content\/uploads\/2015\/11\/richard-gere-madrid-46.jpg 715w, https:\/\/www.vidademadrid.com\/es\/wp-content\/uploads\/2015\/11\/richard-gere-madrid-46-300x222.jpg 300w\" sizes=\"auto, (max-width: 715px) 100vw, 715px\" \/>\n\t\t\t<\/div><\/figure><figure class='gallery-item'>\n\t\t\t<div class='gallery-icon portrait'>\n\t\t\t\t<img loading=\"lazy\" decoding=\"async\" width=\"715\" height=\"966\" src=\"https:\/\/www.vidademadrid.com\/es\/wp-content\/uploads\/2015\/11\/richard-gere-madrid-47.jpg\" class=\"attachment-full size-full\" alt=\"\" srcset=\"https:\/\/www.vidademadrid.com\/es\/wp-content\/uploads\/2015\/11\/richard-gere-madrid-47.jpg 715w, https:\/\/www.vidademadrid.com\/es\/wp-content\/uploads\/2015\/11\/richard-gere-madrid-47-222x300.jpg 222w\" sizes=\"auto, (max-width: 715px) 100vw, 715px\" \/>\n\t\t\t<\/div><\/figure><figure class='gallery-item'>\n\t\t\t<div class='gallery-icon landscape'>\n\t\t\t\t<img loading=\"lazy\" decoding=\"async\" width=\"715\" height=\"529\" src=\"https:\/\/www.vidademadrid.com\/es\/wp-content\/uploads\/2015\/11\/richard-gere-madrid-48.jpg\" class=\"attachment-full size-full\" alt=\"\" srcset=\"https:\/\/www.vidademadrid.com\/es\/wp-content\/uploads\/2015\/11\/richard-gere-madrid-48.jpg 715w, https:\/\/www.vidademadrid.com\/es\/wp-content\/uploads\/2015\/11\/richard-gere-madrid-48-300x222.jpg 300w\" sizes=\"auto, (max-width: 715px) 100vw, 715px\" \/>\n\t\t\t<\/div><\/figure><figure class='gallery-item'>\n\t\t\t<div class='gallery-icon landscape'>\n\t\t\t\t<img loading=\"lazy\" decoding=\"async\" width=\"715\" height=\"529\" src=\"https:\/\/www.vidademadrid.com\/es\/wp-content\/uploads\/2015\/11\/richard-gere-madrid-49.jpg\" class=\"attachment-full size-full\" alt=\"\" srcset=\"https:\/\/www.vidademadrid.com\/es\/wp-content\/uploads\/2015\/11\/richard-gere-madrid-49.jpg 715w, https:\/\/www.vidademadrid.com\/es\/wp-content\/uploads\/2015\/11\/richard-gere-madrid-49-300x222.jpg 300w\" sizes=\"auto, (max-width: 715px) 100vw, 715px\" \/>\n\t\t\t<\/div><\/figure><figure class='gallery-item'>\n\t\t\t<div class='gallery-icon landscape'>\n\t\t\t\t<img loading=\"lazy\" decoding=\"async\" width=\"715\" height=\"529\" src=\"https:\/\/www.vidademadrid.com\/es\/wp-content\/uploads\/2015\/11\/richard-gere-madrid-02.jpg\" class=\"attachment-full size-full\" alt=\"\" srcset=\"https:\/\/www.vidademadrid.com\/es\/wp-content\/uploads\/2015\/11\/richard-gere-madrid-02.jpg 715w, https:\/\/www.vidademadrid.com\/es\/wp-content\/uploads\/2015\/11\/richard-gere-madrid-02-300x222.jpg 300w\" sizes=\"auto, (max-width: 715px) 100vw, 715px\" \/>\n\t\t\t<\/div><\/figure><figure class='gallery-item'>\n\t\t\t<div class='gallery-icon landscape'>\n\t\t\t\t<img loading=\"lazy\" decoding=\"async\" width=\"715\" height=\"529\" src=\"https:\/\/www.vidademadrid.com\/es\/wp-content\/uploads\/2015\/11\/richard-gere-madrid-04.jpg\" class=\"attachment-full size-full\" alt=\"\" srcset=\"https:\/\/www.vidademadrid.com\/es\/wp-content\/uploads\/2015\/11\/richard-gere-madrid-04.jpg 715w, https:\/\/www.vidademadrid.com\/es\/wp-content\/uploads\/2015\/11\/richard-gere-madrid-04-300x222.jpg 300w\" sizes=\"auto, (max-width: 715px) 100vw, 715px\" \/>\n\t\t\t<\/div><\/figure><figure class='gallery-item'>\n\t\t\t<div class='gallery-icon landscape'>\n\t\t\t\t<img loading=\"lazy\" decoding=\"async\" width=\"715\" height=\"683\" src=\"https:\/\/www.vidademadrid.com\/es\/wp-content\/uploads\/2015\/11\/richard-gere-madrid-08.jpg\" class=\"attachment-full size-full\" alt=\"\" srcset=\"https:\/\/www.vidademadrid.com\/es\/wp-content\/uploads\/2015\/11\/richard-gere-madrid-08.jpg 715w, https:\/\/www.vidademadrid.com\/es\/wp-content\/uploads\/2015\/11\/richard-gere-madrid-08-300x287.jpg 300w\" sizes=\"auto, (max-width: 715px) 100vw, 715px\" \/>\n\t\t\t<\/div><\/figure><figure class='gallery-item'>\n\t\t\t<div class='gallery-icon portrait'>\n\t\t\t\t<img loading=\"lazy\" decoding=\"async\" width=\"715\" height=\"972\" src=\"https:\/\/www.vidademadrid.com\/es\/wp-content\/uploads\/2015\/11\/richard-gere-madrid-09.jpg\" class=\"attachment-full size-full\" alt=\"\" srcset=\"https:\/\/www.vidademadrid.com\/es\/wp-content\/uploads\/2015\/11\/richard-gere-madrid-09.jpg 715w, https:\/\/www.vidademadrid.com\/es\/wp-content\/uploads\/2015\/11\/richard-gere-madrid-09-221x300.jpg 221w\" sizes=\"auto, (max-width: 715px) 100vw, 715px\" \/>\n\t\t\t<\/div><\/figure><figure class='gallery-item'>\n\t\t\t<div class='gallery-icon portrait'>\n\t\t\t\t<img loading=\"lazy\" decoding=\"async\" width=\"715\" height=\"978\" src=\"https:\/\/www.vidademadrid.com\/es\/wp-content\/uploads\/2015\/11\/richard-gere-madrid-10.jpg\" class=\"attachment-full size-full\" alt=\"\" srcset=\"https:\/\/www.vidademadrid.com\/es\/wp-content\/uploads\/2015\/11\/richard-gere-madrid-10.jpg 715w, https:\/\/www.vidademadrid.com\/es\/wp-content\/uploads\/2015\/11\/richard-gere-madrid-10-219x300.jpg 219w\" sizes=\"auto, (max-width: 715px) 100vw, 715px\" \/>\n\t\t\t<\/div><\/figure><figure class='gallery-item'>\n\t\t\t<div class='gallery-icon landscape'>\n\t\t\t\t<img loading=\"lazy\" decoding=\"async\" width=\"715\" height=\"402\" src=\"https:\/\/www.vidademadrid.com\/es\/wp-content\/uploads\/2015\/11\/richard-gere-madrid-33.jpg\" class=\"attachment-full size-full\" alt=\"\" srcset=\"https:\/\/www.vidademadrid.com\/es\/wp-content\/uploads\/2015\/11\/richard-gere-madrid-33.jpg 715w, https:\/\/www.vidademadrid.com\/es\/wp-content\/uploads\/2015\/11\/richard-gere-madrid-33-300x169.jpg 300w\" sizes=\"auto, (max-width: 715px) 100vw, 715px\" \/>\n\t\t\t<\/div><\/figure><figure class='gallery-item'>\n\t\t\t<div class='gallery-icon landscape'>\n\t\t\t\t<img loading=\"lazy\" decoding=\"async\" width=\"715\" height=\"402\" src=\"https:\/\/www.vidademadrid.com\/es\/wp-content\/uploads\/2015\/11\/richard-gere-madrid-35.jpg\" class=\"attachment-full size-full\" alt=\"\" srcset=\"https:\/\/www.vidademadrid.com\/es\/wp-content\/uploads\/2015\/11\/richard-gere-madrid-35.jpg 715w, https:\/\/www.vidademadrid.com\/es\/wp-content\/uploads\/2015\/11\/richard-gere-madrid-35-300x169.jpg 300w\" sizes=\"auto, (max-width: 715px) 100vw, 715px\" \/>\n\t\t\t<\/div><\/figure><figure class='gallery-item'>\n\t\t\t<div class='gallery-icon landscape'>\n\t\t\t\t<img loading=\"lazy\" decoding=\"async\" width=\"715\" height=\"402\" src=\"https:\/\/www.vidademadrid.com\/es\/wp-content\/uploads\/2015\/11\/richard-gere-madrid-38.jpg\" class=\"attachment-full size-full\" alt=\"\" srcset=\"https:\/\/www.vidademadrid.com\/es\/wp-content\/uploads\/2015\/11\/richard-gere-madrid-38.jpg 715w, https:\/\/www.vidademadrid.com\/es\/wp-content\/uploads\/2015\/11\/richard-gere-madrid-38-300x169.jpg 300w\" sizes=\"auto, (max-width: 715px) 100vw, 715px\" \/>\n\t\t\t<\/div><\/figure><figure class='gallery-item'>\n\t\t\t<div class='gallery-icon landscape'>\n\t\t\t\t<img loading=\"lazy\" decoding=\"async\" width=\"715\" height=\"402\" src=\"https:\/\/www.vidademadrid.com\/es\/wp-content\/uploads\/2015\/11\/richard-gere-madrid-41.jpg\" class=\"attachment-full size-full\" alt=\"\" srcset=\"https:\/\/www.vidademadrid.com\/es\/wp-content\/uploads\/2015\/11\/richard-gere-madrid-41.jpg 715w, https:\/\/www.vidademadrid.com\/es\/wp-content\/uploads\/2015\/11\/richard-gere-madrid-41-300x169.jpg 300w\" sizes=\"auto, (max-width: 715px) 100vw, 715px\" \/>\n\t\t\t<\/div><\/figure><figure class='gallery-item'>\n\t\t\t<div class='gallery-icon landscape'>\n\t\t\t\t<img loading=\"lazy\" decoding=\"async\" width=\"715\" height=\"402\" src=\"https:\/\/www.vidademadrid.com\/es\/wp-content\/uploads\/2015\/11\/richard-gere-madrid-44.jpg\" class=\"attachment-full size-full\" alt=\"\" srcset=\"https:\/\/www.vidademadrid.com\/es\/wp-content\/uploads\/2015\/11\/richard-gere-madrid-44.jpg 715w, https:\/\/www.vidademadrid.com\/es\/wp-content\/uploads\/2015\/11\/richard-gere-madrid-44-300x169.jpg 300w\" sizes=\"auto, (max-width: 715px) 100vw, 715px\" \/>\n\t\t\t<\/div><\/figure>\n\t\t<\/div>\n\n<p>Mis fotos de <strong>Alejandra Silva<\/strong> no son muy buenas, entonces os dejo unas hechas por fot\u00f3grafos profesionales de Getty Images.<\/p>\n<blockquote class=\"instagram-media\" style=\"background: #FFF; border: 0; border-radius: 3px; box-shadow: 0 0 1px 0 rgba(0,0,0,0.5),0 1px 10px 0 rgba(0,0,0,0.15); margin: 1px; max-width: 658px; padding: 0; width: calc(100% - 2px);\" data-instgrm-captioned=\"\" data-instgrm-version=\"6\">\n<div style=\"padding: 8px;\">\n<div style=\"background: #F8F8F8; line-height: 0; margin-top: 40px; padding: 50.0% 0; text-align: center; width: 100%;\"><\/div>\n<p style=\"margin: 8px 0 0 0; padding: 0 4px;\"><a style=\"color: #000; font-family: Arial,sans-serif; font-size: 14px; font-style: normal; font-weight: normal; line-height: 17px; text-decoration: none; word-wrap: break-word;\" href=\"https:\/\/www.instagram.com\/p\/-ckQVgJHTw\/\" target=\"_blank\">Invisible (Time Out Of Mind) premiere Madrid Richard Gere #richardgere @richardgereofficial #redcarpet #premiere #photocall #timeoutofmind #alejandrasilva #invisible #gettyimages #gettyimagesentertainment #spain #madrid #celebrity #dyp #cine #callao<\/a><\/p>\n<p style=\"color: #c9c8cd; font-family: Arial,sans-serif; font-size: 14px; line-height: 17px; margin-bottom: 0; margin-top: 8px; overflow: hidden; padding: 8px 0 7px; text-align: center; text-overflow: ellipsis; white-space: nowrap;\">Una foto pubblicata da Carlos Alvarez (@carlosalvarezgetty) in data: <time style=\"font-family: Arial,sans-serif; font-size: 14px; line-height: 17px;\" datetime=\"2015-11-23T23:49:00+00:00\">23 Nov 2015 alle ore 15:49 PST<\/time><\/p>\n<\/div>\n<\/blockquote>\n<p><script src=\"\/\/platform.instagram.com\/en_US\/embeds.js\" async=\"\" defer=\"defer\"><\/script><\/p>\n<div class=\"getty embed image\" style=\"background-color: #fff; display: inline-block; font-family: 'Helvetica Neue',Helvetica,Arial,sans-serif; color: #a7a7a7; font-size: 11px; width: 100%; max-width: 594px;\">\n<div style=\"overflow: hidden; position: relative; height: 0; padding: 66.498316% 0 0 0; width: 100%;\"><iframe loading=\"lazy\" style=\"display: inline-block; position: absolute; top: 0; left: 0; width: 100%; height: 100%;\" src=\"\/\/embed.gettyimages.com\/embed\/498488938?et=AHwLEu1MR8hCGoPr8PUhgw&amp;viewMoreLink=on&amp;sig=a7N1k9-EGnpWC_cKDc4DTouUCTd9wCGf3dfdE1Eellw=\" width=\"594\" height=\"395\" frameborder=\"0\" scrolling=\"no\"><\/iframe><\/div>\n<div style=\"padding: 0; margin: 0 0 0 10px; text-align: left;\"><a style=\"color: #a7a7a7; text-decoration: none; font-weight: normal !important; border: none; display: inline-block;\" href=\"http:\/\/www.gettyimages.com\/detail\/498488938\" target=\"_blank\">View image<\/a> | <a style=\"color: #a7a7a7; text-decoration: none; font-weight: normal !important; border: none; display: inline-block;\" href=\"http:\/\/www.gettyimages.com\" target=\"_blank\">gettyimages.com<\/a><\/div>\n<\/div>\n<p>&nbsp;<\/p>\n<div class=\"getty embed image\" style=\"background-color: #fff; display: inline-block; font-family: 'Helvetica Neue',Helvetica,Arial,sans-serif; color: #a7a7a7; font-size: 11px; width: 100%; max-width: 421px;\">\n<div style=\"overflow: hidden; position: relative; height: 0; padding: 141.092637% 0 0 0; width: 100%;\"><iframe loading=\"lazy\" style=\"display: inline-block; position: absolute; top: 0; left: 0; width: 100%; height: 100%;\" src=\"\/\/embed.gettyimages.com\/embed\/498487164?et=Km7U90UcTJpysajMkghbiQ&amp;viewMoreLink=on&amp;sig=zANMRjAySVMXbrlU241c0hs8RNu_Re_25isvjc-ak_4=\" width=\"421\" height=\"594\" frameborder=\"0\" scrolling=\"no\"><\/iframe><\/div>\n<div style=\"padding: 0; margin: 0 0 0 10px; text-align: left;\"><a style=\"color: #a7a7a7; text-decoration: none; font-weight: normal !important; border: none; display: inline-block;\" href=\"http:\/\/www.gettyimages.com\/detail\/498487164\" target=\"_blank\">View image<\/a> | <a style=\"color: #a7a7a7; text-decoration: none; font-weight: normal !important; border: none; display: inline-block;\" href=\"http:\/\/www.gettyimages.com\" target=\"_blank\">gettyimages.com<\/a><\/div>\n<\/div>\n<p>&nbsp;<\/p>\n<blockquote class=\"twitter-tweet\" lang=\"es\"><p>\nRichard Gere esta noche en <a href=\"https:\/\/twitter.com\/hashtag\/Callao?src=hash\">#Callao<\/a> <a href=\"https:\/\/twitter.com\/hashtag\/Madrid?src=hash\">#Madrid<\/a> <a href=\"https:\/\/twitter.com\/hashtag\/invisibles?src=hash\">#invisibles<\/a> <a href=\"https:\/\/twitter.com\/callaocitylight\">@callaocitylight<\/a> <a href=\"https:\/\/twitter.com\/RAISFundacion\">@RAISFundacion<\/a> <a href=\"https:\/\/twitter.com\/hashtag\/RichardGere?src=hash\">#RichardGere<\/a> <a href=\"https:\/\/t.co\/0DMBiu7uSb\">pic.twitter.com\/0DMBiu7uSb<\/a><\/p>\n<p>\u2014 Vida de Madrid (@VidaDeMadrid) <a href=\"https:\/\/twitter.com\/VidaDeMadrid\/status\/668895817944727552\">noviembre 23, 2015<\/a>\n<\/p><\/blockquote>\n<p><script src=\"\/\/platform.twitter.com\/widgets.js\" async=\"\" charset=\"utf-8\"><\/script><\/p>\n","protected":false},"excerpt":{"rendered":"<p>Carpeta roja en los Cines Callao. Todas las fotos.<\/p>\n","protected":false},"author":1,"featured_media":1059,"comment_status":"open","ping_status":"open","sticky":false,"template":"","format":"standard","meta":{"footnotes":""},"categories":[11],"tags":[8],"class_list":{"0":"post-1058","1":"post","2":"type-post","3":"status-publish","4":"format-standard","5":"has-post-thumbnail","7":"category-eventos-madrid","8":"tag-centro-de-madrid"},"_links":{"self":[{"href":"https:\/\/www.vidademadrid.com\/es\/wp-json\/wp\/v2\/posts\/1058","targetHints":{"allow":["GET"]}}],"collection":[{"href":"https:\/\/www.vidademadrid.com\/es\/wp-json\/wp\/v2\/posts"}],"about":[{"href":"https:\/\/www.vidademadrid.com\/es\/wp-json\/wp\/v2\/types\/post"}],"author":[{"embeddable":true,"href":"https:\/\/www.vidademadrid.com\/es\/wp-json\/wp\/v2\/users\/1"}],"replies":[{"embeddable":true,"href":"https:\/\/www.vidademadrid.com\/es\/wp-json\/wp\/v2\/comments?post=1058"}],"version-history":[{"count":7,"href":"https:\/\/www.vidademadrid.com\/es\/wp-json\/wp\/v2\/posts\/1058\/revisions"}],"predecessor-version":[{"id":1081,"href":"https:\/\/www.vidademadrid.com\/es\/wp-json\/wp\/v2\/posts\/1058\/revisions\/1081"}],"wp:featuredmedia":[{"embeddable":true,"href":"https:\/\/www.vidademadrid.com\/es\/wp-json\/wp\/v2\/media\/1059"}],"wp:attachment":[{"href":"https:\/\/www.vidademadrid.com\/es\/wp-json\/wp\/v2\/media?parent=1058"}],"wp:term":[{"taxonomy":"category","embeddable":true,"href":"https:\/\/www.vidademadrid.com\/es\/wp-json\/wp\/v2\/categories?post=1058"},{"taxonomy":"post_tag","embeddable":true,"href":"https:\/\/www.vidademadrid.com\/es\/wp-json\/wp\/v2\/tags?post=1058"}],"curies":[{"name":"wp","href":"https:\/\/api.w.org\/{rel}","templated":true}]}}