{"id":10333,"date":"2018-04-16T18:28:12","date_gmt":"2018-04-16T16:28:12","guid":{"rendered":"http:\/\/www.vidademadrid.com\/es\/?p=10333"},"modified":"2020-04-01T13:09:37","modified_gmt":"2020-04-01T11:09:37","slug":"metro-madrid-logo-centenario","status":"publish","type":"post","link":"https:\/\/www.vidademadrid.com\/es\/10333\/metro-madrid-logo-centenario\/","title":{"rendered":"Metro de Madrid: nuevo logo del centenario"},"content":{"rendered":"<p>\u00a1Ya tenemos <strong>nuevo logo de Metro de Madrid<\/strong>! El nuevo logotipo servir\u00e1 de imagen corporativa para celebrar <strong>los 100 a\u00f1os de Metro Madrid<\/strong>.<\/p>\n<p><a href=\"#a\">Mira el nuevo logo<\/a> &#8211; <a href=\"#b\">M\u00e1s info<\/a> <script async src=\"\/\/pagead2.googlesyndication.com\/pagead\/js\/adsbygoogle.js\"><\/script> <!-- Vida vertical --> <ins class=\"adsbygoogle\" style=\"display:inline-block;width:300px;height:600px\" data-ad-client=\"ca-pub-7450064428034605\" data-ad-slot=\"7296098777\"><\/ins> <script> (adsbygoogle = window.adsbygoogle || []).push({}); <\/script> <\/p>\n<p>La ganadora del concurso p\u00fablico se llama Azucena Herr\u00e1nz. Es una arquitecta madrile\u00f1a de 40 a\u00f1os y ha creado una imagen que mantiene la esencia del logo actual y que en el interior tiene dise\u00f1o con forma de n\u00famero 100. Azucena ha sido premiada con un abono anual y 5.000 euros.<\/p>\n<p>Descubre el nuevo logo (en dos versiones, en rojo y en negro) pinchando en el siguiente v\u00eddeo:<\/p>\n<h2 id=\"a\">El nuevo logo<\/h2>\n<p> <script async src=\"\/\/pagead2.googlesyndication.com\/pagead\/js\/adsbygoogle.js\"><\/script> <!-- Vida 1 --> <ins class=\"adsbygoogle\" style=\"display:block\" data-ad-client=\"ca-pub-7450064428034605\" data-ad-slot=\"2284573579\" data-ad-format=\"auto\"><\/ins> <script> (adsbygoogle = window.adsbygoogle || []).push({}); <\/script> <\/p>\n<blockquote class=\"twitter-video\" data-lang=\"es\">\n<p lang=\"es\" dir=\"ltr\">? Muchos han sido los candidatos pero solo uno el ganador. \u00bfQuieres conocer el logo del Centenario de ? Metro? Aqu\u00ed lo tienes \u2b07 <a href=\"https:\/\/t.co\/dMJCiBWrgX\">pic.twitter.com\/dMJCiBWrgX<\/a><\/p>\n<p>&mdash; Metro de Madrid (@metro_madrid) <a href=\"https:\/\/twitter.com\/metro_madrid\/status\/985854111106129920?ref_src=twsrc%5Etfw\">16 de abril de 2018<\/a><\/p><\/blockquote>\n<p><script async src=\"https:\/\/platform.twitter.com\/widgets.js\" charset=\"utf-8\"><\/script><\/p>\n<h2 id=\"b\">M\u00e1s info<\/h2>\n<p> <script async src=\"\/\/pagead2.googlesyndication.com\/pagead\/js\/adsbygoogle.js\"><\/script> <!-- Vida 2 --> <ins class=\"adsbygoogle\" style=\"display:inline-block;width:336px;height:280px\" data-ad-client=\"ca-pub-7450064428034605\" data-ad-slot=\"9336835571\"><\/ins> <script> (adsbygoogle = window.adsbygoogle || []).push({}); <\/script> <\/p>\n<p>En la nota de prensa de Comunidad de Madrid podemos conocer algo m\u00e1s sobre el nuevo logotipo de Metro Madrid para los 100 a\u00f1os:<\/p>\n<blockquote><p>En cuanto al lenguaje gr\u00e1fico, el grafismo empleado se inspira en dos importantes aspectos relacionados con Metro de Madrid: su historia y su modernidad. Estas sencillas premisas han hecho ganadora a esta propuesta, que pretende ser un homenaje a estos 100 a\u00f1os de historia y de servicio que ahora celebra el primer suburbano de Espa\u00f1a. <\/p><\/blockquote>\n<p>El Centenario de Metro de Madrid se cumplir\u00e1 en 2019.<\/p>\n<p>Foto: Twitter Metro de Madrid<\/p>\n","protected":false},"excerpt":{"rendered":"<p>Aqu\u00ed est\u00e1 el nuevo logo de Metro de Madrid, creado por celebrar los 100 a\u00f1os. El logo del Centenario ha sido creado por la madrile\u00f1a Azucena Herr\u00e1nz<\/p>\n","protected":false},"author":1,"featured_media":10336,"comment_status":"open","ping_status":"open","sticky":false,"template":"","format":"standard","meta":{"footnotes":""},"categories":[23],"tags":[74],"class_list":{"0":"post-10333","1":"post","2":"type-post","3":"status-publish","4":"format-standard","5":"has-post-thumbnail","7":"category-transportes-huelgas-madrid","8":"tag-metro-de-madrid"},"_links":{"self":[{"href":"https:\/\/www.vidademadrid.com\/es\/wp-json\/wp\/v2\/posts\/10333","targetHints":{"allow":["GET"]}}],"collection":[{"href":"https:\/\/www.vidademadrid.com\/es\/wp-json\/wp\/v2\/posts"}],"about":[{"href":"https:\/\/www.vidademadrid.com\/es\/wp-json\/wp\/v2\/types\/post"}],"author":[{"embeddable":true,"href":"https:\/\/www.vidademadrid.com\/es\/wp-json\/wp\/v2\/users\/1"}],"replies":[{"embeddable":true,"href":"https:\/\/www.vidademadrid.com\/es\/wp-json\/wp\/v2\/comments?post=10333"}],"version-history":[{"count":3,"href":"https:\/\/www.vidademadrid.com\/es\/wp-json\/wp\/v2\/posts\/10333\/revisions"}],"predecessor-version":[{"id":10337,"href":"https:\/\/www.vidademadrid.com\/es\/wp-json\/wp\/v2\/posts\/10333\/revisions\/10337"}],"wp:featuredmedia":[{"embeddable":true,"href":"https:\/\/www.vidademadrid.com\/es\/wp-json\/wp\/v2\/media\/10336"}],"wp:attachment":[{"href":"https:\/\/www.vidademadrid.com\/es\/wp-json\/wp\/v2\/media?parent=10333"}],"wp:term":[{"taxonomy":"category","embeddable":true,"href":"https:\/\/www.vidademadrid.com\/es\/wp-json\/wp\/v2\/categories?post=10333"},{"taxonomy":"post_tag","embeddable":true,"href":"https:\/\/www.vidademadrid.com\/es\/wp-json\/wp\/v2\/tags?post=10333"}],"curies":[{"name":"wp","href":"https:\/\/api.w.org\/{rel}","templated":true}]}}